{"id":87259,"date":"2025-07-02T07:51:05","date_gmt":"2025-07-02T13:51:05","guid":{"rendered":"https:\/\/elinformante.mx\/?p=87259"},"modified":"2025-07-02T07:51:12","modified_gmt":"2025-07-02T13:51:12","slug":"aprueban-diputados-creacion-de-curp-biometrica-y-plataforma-unica-de-identidad","status":"publish","type":"post","link":"https:\/\/elinformante.mx\/?p=87259","title":{"rendered":"APRUEBAN DIPUTADOS CREACI\u00d3N DE CURP BIOM\u00c9TRICA Y PLATAFORMA \u00daNICA DE IDENTIDAD"},"content":{"rendered":"\n<figure class=\"wp-block-pullquote\"><blockquote><p>La versi\u00f3n digital ser\u00e1 gestionada por la Agencia de Transformaci\u00f3n Digital y Telecomunicaciones y su uso ser\u00e1 obligatorio para la autenticaci\u00f3n de identidad en tr\u00e1mites p\u00fablicos y privados.<\/p><\/blockquote><\/figure>\n\n\n\n<p class=\"has-drop-cap\">Fue aprobada por la C\u00e1mara de Diputados, en lo general y en lo particular el dictamen que modifica la Ley Federal de Competencia Econ\u00f3mica y la Ley Federal de las Entidades Paraestatales, propuesto por la presidenta Claudia Sheinbaum.<br><\/p>\n\n\n\n<p>Los diputados de Morena y sus aliados sacaron adelante las reformas con 323 votos a favor y 125 en contra en lo general y en lo particular con 302 votos a favor y 113 en contra.<br><\/p>\n\n\n\n<figure class=\"wp-block-image size-large\"><img fetchpriority=\"high\" decoding=\"async\" width=\"1024\" height=\"506\" src=\"https:\/\/elinformante.mx\/wp-content\/uploads\/2025\/07\/9APRUEBAN-1024x506.jpg\" alt=\"\" class=\"wp-image-87261\" srcset=\"https:\/\/elinformante.mx\/wp-content\/uploads\/2025\/07\/9APRUEBAN-1024x506.jpg 1024w, https:\/\/elinformante.mx\/wp-content\/uploads\/2025\/07\/9APRUEBAN-300x148.jpg 300w, https:\/\/elinformante.mx\/wp-content\/uploads\/2025\/07\/9APRUEBAN-768x379.jpg 768w, https:\/\/elinformante.mx\/wp-content\/uploads\/2025\/07\/9APRUEBAN.jpg 1140w\" sizes=\"(max-width: 1024px) 100vw, 1024px\" \/><\/figure>\n\n\n\n<p>Este dictamen fue remitido al Ejecutivo para su publicaci\u00f3n, se deriva de la reforma constitucional de diciembre de 2024 en materia de simplificaci\u00f3n, que orden\u00f3 la extinci\u00f3n de diversos \u00f3rganos aut\u00f3nomos, como la Comisi\u00f3n Federal de Competencia Econ\u00f3mica (Cofece).<br><\/p>\n\n\n\n<p>Esta nueva legislaci\u00f3n cre\u00f3 la Comisi\u00f3n Nacional Antimonopolio (CNA) como un organismo p\u00fablico descentralizado de la Administraci\u00f3n P\u00fablica Federal, y sectorizado a la Secretar\u00eda de Econom\u00eda, que ser\u00e1 la autoridad reguladora en la materia.<br><\/p>\n\n\n\n<p>La CNA contar\u00e1 con personalidad jur\u00eddica y patrimonio propios, autonom\u00eda de gesti\u00f3n y estar\u00e1 dotada de independencia t\u00e9cnica y operativa en sus decisiones, organizaci\u00f3n y funcionamiento.<br><\/p>\n\n\n\n<figure class=\"wp-block-image size-large\"><img decoding=\"async\" width=\"1024\" height=\"506\" src=\"https:\/\/elinformante.mx\/wp-content\/uploads\/2025\/07\/9APRUEBAN-3-1024x506.jpg\" alt=\"\" class=\"wp-image-87262\" srcset=\"https:\/\/elinformante.mx\/wp-content\/uploads\/2025\/07\/9APRUEBAN-3-1024x506.jpg 1024w, https:\/\/elinformante.mx\/wp-content\/uploads\/2025\/07\/9APRUEBAN-3-300x148.jpg 300w, https:\/\/elinformante.mx\/wp-content\/uploads\/2025\/07\/9APRUEBAN-3-768x379.jpg 768w, https:\/\/elinformante.mx\/wp-content\/uploads\/2025\/07\/9APRUEBAN-3.jpg 1140w\" sizes=\"(max-width: 1024px) 100vw, 1024px\" \/><\/figure>\n\n\n\n<p>De acuerdo al dictamen, se tiene por objeto garantizar la libre concurrencia y competencia econ\u00f3mica en todos los mercados del pa\u00eds, as\u00ed como prevenir, investigar y combatir los monopolios, las pr\u00e1cticas monop\u00f3licas, las concentraciones y dem\u00e1s restricciones al funcionamiento eficiente de los mercados, para lo cual debe desempe\u00f1arse de manera profesional e imparcial en sus actuaciones.<br><\/p>\n\n\n\n<p>Adem\u00e1s la CNA realizar\u00e1 visitas de verificaci\u00f3n y podr\u00e1 citar a declarar a las personas relacionadas con la materia de la investigaci\u00f3n, as\u00ed como requerir la exhibici\u00f3n de papeles, libros, documentos, archivos e informaci\u00f3n generada por medios electr\u00f3nicos, \u00f3pticos o de cualquier otra tecnolog\u00eda, a fin de comprobar el cumplimiento de la ley.<br><\/p>\n\n\n\n<p>La minuta incorpora la creaci\u00f3n de la Plataforma \u00danica de Identidad, que permitir\u00e1 consultar, validar y gestionar la Clave \u00danica de Registro de Poblaci\u00f3n (CURP), ahora con datos biom\u00e9tricos. Esta herramienta ser\u00e1 utilizada por las autoridades encargadas de las labores de b\u00fasqueda de personas desaparecidas.<br><\/p>\n\n\n\n<figure class=\"wp-block-image size-large\"><img decoding=\"async\" width=\"1024\" height=\"506\" src=\"https:\/\/elinformante.mx\/wp-content\/uploads\/2025\/07\/9APRUEBAN-2-1024x506.jpg\" alt=\"\" class=\"wp-image-87263\" srcset=\"https:\/\/elinformante.mx\/wp-content\/uploads\/2025\/07\/9APRUEBAN-2-1024x506.jpg 1024w, https:\/\/elinformante.mx\/wp-content\/uploads\/2025\/07\/9APRUEBAN-2-300x148.jpg 300w, https:\/\/elinformante.mx\/wp-content\/uploads\/2025\/07\/9APRUEBAN-2-768x379.jpg 768w, https:\/\/elinformante.mx\/wp-content\/uploads\/2025\/07\/9APRUEBAN-2.jpg 1140w\" sizes=\"(max-width: 1024px) 100vw, 1024px\" \/><\/figure>\n\n\n\n<p>Seg\u00fan lo aprobado, la CURP se convertir\u00e1 en el documento nacional de identificaci\u00f3n obligatorio, v\u00e1lido en formato f\u00edsico y digital. Contendr\u00e1 nombre completo, fecha de nacimiento, sexo o g\u00e9nero, nacionalidad, huellas dactilares y fotograf\u00eda. Toda persona mexicana o extranjera con estancia regular en el pa\u00eds deber\u00e1 contar con ella.<br><\/p>\n\n\n\n<p>La versi\u00f3n digital ser\u00e1 gestionada por la Agencia de Transformaci\u00f3n Digital y Telecomunicaciones y su uso ser\u00e1 obligatorio para la autenticaci\u00f3n de identidad en tr\u00e1mites p\u00fablicos y privados.<br><\/p>\n\n\n\n<p>La Secretar\u00eda de Gobernaci\u00f3n ser\u00e1 responsable de integrar los datos biom\u00e9tricos a la CURP, en coordinaci\u00f3n con los tres \u00f3rdenes de gobierno.<\/p>\n","protected":false},"excerpt":{"rendered":"<p>La versi\u00f3n digital ser\u00e1 gestionada por la Agencia de Transformaci\u00f3n Digital y Telecomunicaciones y su uso ser\u00e1 obligatorio para la autenticaci\u00f3n de identidad en tr\u00e1mites p\u00fablicos y privados. Fue aprobada por la C\u00e1mara de Diputados, en lo general y en lo particular el dictamen que modifica la Ley Federal de Competencia Econ\u00f3mica y la Ley [&hellip;]<\/p>\n","protected":false},"author":1,"featured_media":87260,"comment_status":"closed","ping_status":"closed","sticky":false,"template":"","format":"standard","meta":{"footnotes":""},"categories":[30,34,31],"tags":[47],"class_list":["post-87259","post","type-post","status-publish","format-standard","has-post-thumbnail","hentry","category-destacado","category-nacional","category-portada","tag-portadanacional"],"_links":{"self":[{"href":"https:\/\/elinformante.mx\/index.php?rest_route=\/wp\/v2\/posts\/87259","targetHints":{"allow":["GET"]}}],"collection":[{"href":"https:\/\/elinformante.mx\/index.php?rest_route=\/wp\/v2\/posts"}],"about":[{"href":"https:\/\/elinformante.mx\/index.php?rest_route=\/wp\/v2\/types\/post"}],"author":[{"embeddable":true,"href":"https:\/\/elinformante.mx\/index.php?rest_route=\/wp\/v2\/users\/1"}],"replies":[{"embeddable":true,"href":"https:\/\/elinformante.mx\/index.php?rest_route=%2Fwp%2Fv2%2Fcomments&post=87259"}],"version-history":[{"count":0,"href":"https:\/\/elinformante.mx\/index.php?rest_route=\/wp\/v2\/posts\/87259\/revisions"}],"wp:featuredmedia":[{"embeddable":true,"href":"https:\/\/elinformante.mx\/index.php?rest_route=\/wp\/v2\/media\/87260"}],"wp:attachment":[{"href":"https:\/\/elinformante.mx\/index.php?rest_route=%2Fwp%2Fv2%2Fmedia&parent=87259"}],"wp:term":[{"taxonomy":"category","embeddable":true,"href":"https:\/\/elinformante.mx\/index.php?rest_route=%2Fwp%2Fv2%2Fcategories&post=87259"},{"taxonomy":"post_tag","embeddable":true,"href":"https:\/\/elinformante.mx\/index.php?rest_route=%2Fwp%2Fv2%2Ftags&post=87259"}],"curies":[{"name":"wp","href":"https:\/\/api.w.org\/{rel}","templated":true}]}}