{"id":87350,"date":"2025-07-03T06:32:58","date_gmt":"2025-07-03T12:32:58","guid":{"rendered":"https:\/\/elinformante.mx\/?p=87350"},"modified":"2025-07-03T06:33:02","modified_gmt":"2025-07-03T12:33:02","slug":"luis-gomez-negrete-es-designado-como-titular-de-la-comision-de-busqueda-de-personas-de-la-cdmx","status":"publish","type":"post","link":"https:\/\/elinformante.mx\/?p=87350","title":{"rendered":"Luis G\u00f3mez Negrete es designado como titular de la Comisi\u00f3n de B\u00fasqueda de Personas de la CDMX"},"content":{"rendered":"\n<figure class=\"wp-block-pullquote\"><blockquote><p>Es experto en b\u00fasqueda de personas, investigaci\u00f3n y derechos humanos.<\/p><\/blockquote><\/figure>\n\n\n\n<p class=\"has-drop-cap\">Despu\u00e9s del proceso de selecci\u00f3n y consulta p\u00fablica realizado por la Secretar\u00eda de Gobierno con familiares de v\u00edctimas y colectivos independientes, se design\u00f3 a Luis G\u00f3mez Negrete como titular de la Comisi\u00f3n de B\u00fasqueda de Personas de la Ciudad de M\u00e9xico,<br><\/p>\n\n\n\n<p>Luis G\u00f3mez Negrete es experto en b\u00fasqueda de personas, investigaci\u00f3n y derechos humanos, as\u00ed como licenciado en Ciencias Pol\u00edticas y Administraci\u00f3n P\u00fablica por la Universidad Nacional Aut\u00f3noma de M\u00e9xico (UNAM) y maestrante en Derecho Internacional de los Conflictos Armados por la Geneve Academy of Internacional Humanitarian Law Human Rights.<br><\/p>\n\n\n\n<p>Adem\u00e1s, cuenta con Certificado Profesional por la Cornell University en an\u00e1lisis de datos y modelado estad\u00edstico.<br><\/p>\n\n\n\n<p>Como parte de su trayectoria en la defensa de derechos humanos, destaca como organizador y documentalista de violaciones a v\u00edctimas y familiares de personas desaparecidas, por parte de la asociaci\u00f3n civil, Movimiento por la Paz con Justicia y Dignidad.<br><\/p>\n\n\n\n<p>Fue responsable de seguridad y operaciones para responder a las consecuencias del Conflicto Armado No Internacional (CAIN) en Colombia y asesor del Programa de Personas Desaparecidas en Colombia, Nigeria y para regi\u00f3n de M\u00e9xico, Centroam\u00e9rica y Cuba, por parte del Comit\u00e9 Internacional de la Cruz Roja (CICR).<br><\/p>\n\n\n\n<p>En \u00faltimo cargo como servidor p\u00fablico, colabor\u00f3 en la Coordinaci\u00f3n General de la Unidad de Implementaci\u00f3n de la Fiscal\u00eda General de Justicia (FGJ) capitalina, donde particip\u00f3 en la implementaci\u00f3n del Plan de Pol\u00edtica Criminal, el Programa de Persecuci\u00f3n Penal y la Estrategia para la B\u00fasqueda y Localizaci\u00f3n de personas de la Ciudad de M\u00e9xico.<br><\/p>\n\n\n\n<p>Cabe se\u00f1alar que el 9 de junio pasado C\u00e9sar Cravioto, secretario de Gobierno, anunci\u00f3 la conclusi\u00f3n del encargo de Enrique Camargo Su\u00e1rez como titular de la Comisi\u00f3n de B\u00fasqueda de Personas, quien hab\u00eda sido designado en 2022 por la entonces jefa de gobierno y hoy Presidenta de M\u00e9xico, Claudia Sheinbaum Pardo.<br><\/p>\n\n\n\n<p>Con motivo de la nueva designaci\u00f3n, la Secretar\u00eda de Gobierno lanz\u00f3 una convocatoria para el registro de aspirantes a encabezar este organismo. A petici\u00f3n de colectivos y familiares independientes se realizaron tres consultas previas durante las sesiones diarias del Gabinete de B\u00fasqueda de la Ciudad de M\u00e9xico, donde expresaron sus preocupaciones y postularon a sus candidatos.<\/p>\n","protected":false},"excerpt":{"rendered":"<p>Es experto en b\u00fasqueda de personas, investigaci\u00f3n y derechos humanos. Despu\u00e9s del proceso de selecci\u00f3n y consulta p\u00fablica realizado por la Secretar\u00eda de Gobierno con familiares de v\u00edctimas y colectivos independientes, se design\u00f3 a Luis G\u00f3mez Negrete como titular de la Comisi\u00f3n de B\u00fasqueda de Personas de la Ciudad de M\u00e9xico, Luis G\u00f3mez Negrete es [&hellip;]<\/p>\n","protected":false},"author":1,"featured_media":87351,"comment_status":"closed","ping_status":"closed","sticky":false,"template":"","format":"standard","meta":{"footnotes":""},"categories":[35],"tags":[],"class_list":["post-87350","post","type-post","status-publish","format-standard","has-post-thumbnail","hentry","category-cdmx"],"_links":{"self":[{"href":"https:\/\/elinformante.mx\/index.php?rest_route=\/wp\/v2\/posts\/87350","targetHints":{"allow":["GET"]}}],"collection":[{"href":"https:\/\/elinformante.mx\/index.php?rest_route=\/wp\/v2\/posts"}],"about":[{"href":"https:\/\/elinformante.mx\/index.php?rest_route=\/wp\/v2\/types\/post"}],"author":[{"embeddable":true,"href":"https:\/\/elinformante.mx\/index.php?rest_route=\/wp\/v2\/users\/1"}],"replies":[{"embeddable":true,"href":"https:\/\/elinformante.mx\/index.php?rest_route=%2Fwp%2Fv2%2Fcomments&post=87350"}],"version-history":[{"count":0,"href":"https:\/\/elinformante.mx\/index.php?rest_route=\/wp\/v2\/posts\/87350\/revisions"}],"wp:featuredmedia":[{"embeddable":true,"href":"https:\/\/elinformante.mx\/index.php?rest_route=\/wp\/v2\/media\/87351"}],"wp:attachment":[{"href":"https:\/\/elinformante.mx\/index.php?rest_route=%2Fwp%2Fv2%2Fmedia&parent=87350"}],"wp:term":[{"taxonomy":"category","embeddable":true,"href":"https:\/\/elinformante.mx\/index.php?rest_route=%2Fwp%2Fv2%2Fcategories&post=87350"},{"taxonomy":"post_tag","embeddable":true,"href":"https:\/\/elinformante.mx\/index.php?rest_route=%2Fwp%2Fv2%2Ftags&post=87350"}],"curies":[{"name":"wp","href":"https:\/\/api.w.org\/{rel}","templated":true}]}}