{"id":87353,"date":"2025-07-03T06:34:28","date_gmt":"2025-07-03T12:34:28","guid":{"rendered":"https:\/\/elinformante.mx\/?p=87353"},"modified":"2025-07-03T06:34:32","modified_gmt":"2025-07-03T12:34:32","slug":"clara-brugada-y-mario-delgado-entregaron-189-mdp-en-tarjetas-del-bienestar-para-rehabilitar-bachilleratos","status":"publish","type":"post","link":"https:\/\/elinformante.mx\/?p=87353","title":{"rendered":"Clara Brugada y Mario Delgado entregaron 189 mdp en Tarjetas del Bienestar para rehabilitar bachilleratos"},"content":{"rendered":"\n<figure class=\"wp-block-pullquote\"><blockquote><p>-Esta acci\u00f3n refrenda la visi\u00f3n del Gobierno de M\u00e9xico de mejorar la infraestructura educativa con base en la participaci\u00f3n comunitaria.<\/p><\/blockquote><\/figure>\n\n\n\n<p class=\"has-drop-cap\">En la sede hist\u00f3rica de la Secretar\u00eda de Educaci\u00f3n P\u00fablica (SEP), el titular de la dependencia, Mario Delgado Carrillo, y la jefa de Gobierno, Clara Brugada Molina, encabezaron por primera vez la entrega de 135 tarjetas del Banco del Bienestar a los Comit\u00e9s Escolares de Administraci\u00f3n Participativa (CEAP) de planteles de Educaci\u00f3n Media Superior beneficiados por el programa La Escuela es Nuestra (LEEN), lo que representa un apoyo total de 189 millones de pesos (mdp) para 2025.<br><\/p>\n\n\n\n<p>En presencia de madres y padres de familia, docentes, directoras y directores, Delgado Carrillo asegur\u00f3 que, en el segundo piso de la Cuarta Transformaci\u00f3n, encabezado por la Presidenta Claudia Sheinbaum Pardo, el Estado mexicano que estamos imaginando es un pa\u00eds donde ning\u00fan sue\u00f1o se quiebre por falta de recursos, donde la pobreza no dicte sentencias educativas ni destinos.<br><\/p>\n\n\n\n<p>Coment\u00f3 que este a\u00f1o el programa invertir\u00e1 25 mil mdp a nivel nacional para la rehabilitaci\u00f3n de 76 mil escuelas de Educaci\u00f3n B\u00e1sica y Media Superior en todo el pa\u00eds, en beneficio de 8.1 millones de estudiantes, quienes ver\u00e1n c\u00f3mo mejoran sus escuelas; es un esfuerzo sin precedente, donde los recursos econ\u00f3micos se dirigen en favor de la educaci\u00f3n.<br><\/p>\n\n\n\n<p>Se\u00f1al\u00f3 que, en la Ciudad de M\u00e9xico, el programa tendr\u00e1 una cobertura del 100 por ciento de las escuelas p\u00fablicas de Educaci\u00f3n Media Superior.<br><\/p>\n\n\n\n<p>Coment\u00f3, el programa que anteriormente se enfocaba en Educaci\u00f3n B\u00e1sica, ahora se expande a Educaci\u00f3n Media Superior, como parte de una arquitectura integral de programas que fortalecen las ra\u00edces de nuestro pa\u00eds.<br><\/p>\n\n\n\n<p>Clara Brugada Molina, celebr\u00f3 que por primera vez las escuelas de nivel medio superior de la capital reciban el apoyo del programa LEEN, impulsado por el Gobierno de M\u00e9xico.<br><\/p>\n\n\n\n<p>Destac\u00f3 que este programa se distingue por fomentar la participaci\u00f3n de las comunidades escolares, quienes deciden de manera directa en qu\u00e9 se destinan los recursos para el mejoramiento de los planteles. Record\u00f3 que, durante su gesti\u00f3n como alcaldesa de Iztapalapa, implement\u00f3 el programa 1, 2, 3 Por Mi Escuela, el cual benefici\u00f3 tambi\u00e9n a planteles de bachillerato en esa demarcaci\u00f3n.<br><\/p>\n\n\n\n<p>Brugada Molina agradeci\u00f3 a la presidenta Claudia Sheinbaum Pardo y al secretario de Educaci\u00f3n P\u00fablica, Mario Delgado Carrillo, por respaldar a las escuelas de la Ciudad de M\u00e9xico y por impulsar, a partir de este a\u00f1o, un nuevo esquema inclusivo que garantiza el ingreso de todas y todos los j\u00f3venes egresados de secundaria a planteles p\u00fablicos de nivel medio superior.<br><\/p>\n\n\n\n<p>Destac\u00f3 la coordinaci\u00f3n con las autoridades federales para que el Gobierno capitalino implemente en escuelas de nivel b\u00e1sico el programa de educaci\u00f3n musical Do, Re, Mi, Fa, Sol, as\u00ed como el programa de Auxilio Escolar, cuyo objetivo es mantener entornos seguros durante las tardes y noches en las inmediaciones de secundarias y bachilleratos.<\/p>\n","protected":false},"excerpt":{"rendered":"<p>-Esta acci\u00f3n refrenda la visi\u00f3n del Gobierno de M\u00e9xico de mejorar la infraestructura educativa con base en la participaci\u00f3n comunitaria. En la sede hist\u00f3rica de la Secretar\u00eda de Educaci\u00f3n P\u00fablica (SEP), el titular de la dependencia, Mario Delgado Carrillo, y la jefa de Gobierno, Clara Brugada Molina, encabezaron por primera vez la entrega de 135 [&hellip;]<\/p>\n","protected":false},"author":1,"featured_media":87354,"comment_status":"closed","ping_status":"closed","sticky":false,"template":"","format":"standard","meta":{"footnotes":""},"categories":[35,30],"tags":[],"class_list":["post-87353","post","type-post","status-publish","format-standard","has-post-thumbnail","hentry","category-cdmx","category-destacado"],"_links":{"self":[{"href":"https:\/\/elinformante.mx\/index.php?rest_route=\/wp\/v2\/posts\/87353","targetHints":{"allow":["GET"]}}],"collection":[{"href":"https:\/\/elinformante.mx\/index.php?rest_route=\/wp\/v2\/posts"}],"about":[{"href":"https:\/\/elinformante.mx\/index.php?rest_route=\/wp\/v2\/types\/post"}],"author":[{"embeddable":true,"href":"https:\/\/elinformante.mx\/index.php?rest_route=\/wp\/v2\/users\/1"}],"replies":[{"embeddable":true,"href":"https:\/\/elinformante.mx\/index.php?rest_route=%2Fwp%2Fv2%2Fcomments&post=87353"}],"version-history":[{"count":0,"href":"https:\/\/elinformante.mx\/index.php?rest_route=\/wp\/v2\/posts\/87353\/revisions"}],"wp:featuredmedia":[{"embeddable":true,"href":"https:\/\/elinformante.mx\/index.php?rest_route=\/wp\/v2\/media\/87354"}],"wp:attachment":[{"href":"https:\/\/elinformante.mx\/index.php?rest_route=%2Fwp%2Fv2%2Fmedia&parent=87353"}],"wp:term":[{"taxonomy":"category","embeddable":true,"href":"https:\/\/elinformante.mx\/index.php?rest_route=%2Fwp%2Fv2%2Fcategories&post=87353"},{"taxonomy":"post_tag","embeddable":true,"href":"https:\/\/elinformante.mx\/index.php?rest_route=%2Fwp%2Fv2%2Ftags&post=87353"}],"curies":[{"name":"wp","href":"https:\/\/api.w.org\/{rel}","templated":true}]}}