{"id":87377,"date":"2025-07-03T07:07:21","date_gmt":"2025-07-03T13:07:21","guid":{"rendered":"https:\/\/elinformante.mx\/?p=87377"},"modified":"2025-07-03T07:14:27","modified_gmt":"2025-07-03T13:14:27","slug":"confirma-sheinbaum-mexico-asistira-a-cumbre-de-los-brics","status":"publish","type":"post","link":"https:\/\/elinformante.mx\/?p=87377","title":{"rendered":"CONFIRMA SHEINBAUM: M\u00c9XICO ASISTIR\u00c1 A CUMBRE DE LOS BRICS"},"content":{"rendered":"\n<figure class=\"wp-block-pullquote\"><blockquote><p>Ser\u00e1 el canciller Juan Ram\u00f3n de la Fuente quien acudir\u00e1 a la Cumbre de los BRICS, que se llevar\u00e1 a cabo los pr\u00f3ximos 6 y 7 de julio en R\u00edo de Janeiro.<\/p><\/blockquote><\/figure>\n\n\n\n<p class=\"has-drop-cap\">La presidenta Claudia Sheinbaum confirm\u00f3 que el canciller Juan Ram\u00f3n de la Fuente acudir\u00e1 a la Cumbre de los BRICS que se llevar\u00e1 a cabo los pr\u00f3ximos 6 y 7 de julio en R\u00edo de Janeiro (Brasil), aunque el pa\u00eds solo ir\u00e1 como observador.<br><\/p>\n\n\n\n<p>Sheinbaum justific\u00f3 su ausencia en la cumbre, que contar\u00e1 por primera vez con la participaci\u00f3n de pa\u00edses asociados, dos de ellos latinoamericanos, al asegurar que en su papel como presidenta no se puede estar viajando tanto.<br><\/p>\n\n\n\n<p>\u201cHay mucho trabajo aqu\u00ed en el pa\u00eds. Si vamos a alg\u00fan lugar o a otro es porque lo consideramos importante. Pero el caso de los BRICS va a la reuni\u00f3n el secretario de Relaciones Exteriores, vamos como observadores\u201d.<br><\/p>\n\n\n\n<figure class=\"wp-block-image size-large\"><img fetchpriority=\"high\" decoding=\"async\" width=\"1024\" height=\"506\" src=\"https:\/\/elinformante.mx\/wp-content\/uploads\/2025\/07\/9claudia-1024x506.jpg\" alt=\"\" class=\"wp-image-87379\" srcset=\"https:\/\/elinformante.mx\/wp-content\/uploads\/2025\/07\/9claudia-1024x506.jpg 1024w, https:\/\/elinformante.mx\/wp-content\/uploads\/2025\/07\/9claudia-300x148.jpg 300w, https:\/\/elinformante.mx\/wp-content\/uploads\/2025\/07\/9claudia-768x379.jpg 768w, https:\/\/elinformante.mx\/wp-content\/uploads\/2025\/07\/9claudia.jpg 1140w\" sizes=\"(max-width: 1024px) 100vw, 1024px\" \/><\/figure>\n\n\n\n<p>No obstante, destac\u00f3 el inter\u00e9s de su Gobierno en fortalecer las relaciones estrat\u00e9gicas con Brasil, as\u00ed como con India.<br><\/p>\n\n\n\n<p>Explic\u00f3 que con Brasil, particularmente, se espera que en agosto se re\u00fanan los secretarios de comercio y relaciones exteriores brasile\u00f1os, con el de econom\u00eda y el canciller mexicanos.<br><\/p>\n\n\n\n<p>Y se\u00f1al\u00f3 que espera que puedan venir empresas brasile\u00f1as a trabajar con empresarios mexicanos, porque podr\u00e1n ver en qu\u00e9 se puede cooperar y colaborar para complementar nuestras econom\u00edas, ser\u00eda m\u00e1s que competir para complementar.<br><\/p>\n\n\n\n<figure class=\"wp-block-image size-large\"><img decoding=\"async\" width=\"1024\" height=\"506\" src=\"https:\/\/elinformante.mx\/wp-content\/uploads\/2025\/07\/9claudia-2-1024x506.jpg\" alt=\"\" class=\"wp-image-87380\" srcset=\"https:\/\/elinformante.mx\/wp-content\/uploads\/2025\/07\/9claudia-2-1024x506.jpg 1024w, https:\/\/elinformante.mx\/wp-content\/uploads\/2025\/07\/9claudia-2-300x148.jpg 300w, https:\/\/elinformante.mx\/wp-content\/uploads\/2025\/07\/9claudia-2-768x379.jpg 768w, https:\/\/elinformante.mx\/wp-content\/uploads\/2025\/07\/9claudia-2.jpg 1140w\" sizes=\"(max-width: 1024px) 100vw, 1024px\" \/><\/figure>\n\n\n\n<p>Dijo que durante la reuni\u00f3n del G7 en Canad\u00e1 el mes pasado, habl\u00f3 con el primer ministro de la India, Narendra Modi, con quien trat\u00f3 varias \u00e1reas de oportunidad como la industria farmac\u00e9utica.<br><\/p>\n\n\n\n<p>Mencion\u00f3 que su gobierno busca que se invierta aqu\u00ed en M\u00e9xico por lo que este mismo a\u00f1o vamos a tener una reuni\u00f3n muy importante sobre ello.<br><\/p>\n\n\n\n<p>Espera que en septiembre acuda a M\u00e9xico la representante de la Uni\u00f3n Europea, Kaja Kallas, ya que el pr\u00f3ximo a\u00f1o se firmar\u00e1 la ratificaci\u00f3n del acuerdo comercial.<br><\/p>\n\n\n\n<figure class=\"wp-block-image size-large\"><img decoding=\"async\" width=\"1024\" height=\"506\" src=\"https:\/\/elinformante.mx\/wp-content\/uploads\/2025\/07\/9claudia-3-1024x506.jpg\" alt=\"\" class=\"wp-image-87381\" srcset=\"https:\/\/elinformante.mx\/wp-content\/uploads\/2025\/07\/9claudia-3-1024x506.jpg 1024w, https:\/\/elinformante.mx\/wp-content\/uploads\/2025\/07\/9claudia-3-300x148.jpg 300w, https:\/\/elinformante.mx\/wp-content\/uploads\/2025\/07\/9claudia-3-768x379.jpg 768w, https:\/\/elinformante.mx\/wp-content\/uploads\/2025\/07\/9claudia-3.jpg 1140w\" sizes=\"(max-width: 1024px) 100vw, 1024px\" \/><\/figure>\n\n\n\n<p>\u201cLo importante no solamente es el acuerdo comercial, sino en qu\u00e9 nos complementamos y c\u00f3mo de una manera complementaria empujamos la econom\u00eda mexicana garantizando buenos empleos para nuestro pa\u00eds\u201d.<br><\/p>\n\n\n\n<p>Creado en 2009 por Brasil, Rusia, India y China, el BRICS admiti\u00f3 a Sud\u00e1frica dos a\u00f1os despu\u00e9s y desde 2024 permiti\u00f3 el ingreso de nuevos miembros plenos (Egipto, Emiratos \u00c1rabes Unidos, Etiop\u00eda, Ir\u00e1n, Indonesia y Arabia Saud\u00ed).<br><\/p>\n\n\n\n<p>La cumbre de los BRICS llega en un momento de posible expansi\u00f3n del grupo en Asia, con pa\u00edses como Tailandia o Vietnam habiendo manifestado su inter\u00e9s por unirse al grupo, formado inicialmente como una alianza de car\u00e1cter econ\u00f3mico, y que busca ser una palanca pol\u00edtica frente a Estados Unidos y los actores pol\u00edticos de su entorno.<\/p>\n\n\n\n<figure class=\"wp-block-image size-large\"><img loading=\"lazy\" decoding=\"async\" width=\"1024\" height=\"506\" src=\"https:\/\/elinformante.mx\/wp-content\/uploads\/2025\/07\/9claudia-4-1024x506.jpg\" alt=\"\" class=\"wp-image-87382\" srcset=\"https:\/\/elinformante.mx\/wp-content\/uploads\/2025\/07\/9claudia-4-1024x506.jpg 1024w, https:\/\/elinformante.mx\/wp-content\/uploads\/2025\/07\/9claudia-4-300x148.jpg 300w, https:\/\/elinformante.mx\/wp-content\/uploads\/2025\/07\/9claudia-4-768x379.jpg 768w, https:\/\/elinformante.mx\/wp-content\/uploads\/2025\/07\/9claudia-4.jpg 1140w\" sizes=\"(max-width: 1024px) 100vw, 1024px\" \/><\/figure>\n","protected":false},"excerpt":{"rendered":"<p>Ser\u00e1 el canciller Juan Ram\u00f3n de la Fuente quien acudir\u00e1 a la Cumbre de los BRICS, que se llevar\u00e1 a cabo los pr\u00f3ximos 6 y 7 de julio en R\u00edo de Janeiro. La presidenta Claudia Sheinbaum confirm\u00f3 que el canciller Juan Ram\u00f3n de la Fuente acudir\u00e1 a la Cumbre de los BRICS que se llevar\u00e1 [&hellip;]<\/p>\n","protected":false},"author":1,"featured_media":87378,"comment_status":"closed","ping_status":"closed","sticky":false,"template":"","format":"standard","meta":{"footnotes":""},"categories":[30,34,31],"tags":[47],"class_list":["post-87377","post","type-post","status-publish","format-standard","has-post-thumbnail","hentry","category-destacado","category-nacional","category-portada","tag-portadanacional"],"_links":{"self":[{"href":"https:\/\/elinformante.mx\/index.php?rest_route=\/wp\/v2\/posts\/87377","targetHints":{"allow":["GET"]}}],"collection":[{"href":"https:\/\/elinformante.mx\/index.php?rest_route=\/wp\/v2\/posts"}],"about":[{"href":"https:\/\/elinformante.mx\/index.php?rest_route=\/wp\/v2\/types\/post"}],"author":[{"embeddable":true,"href":"https:\/\/elinformante.mx\/index.php?rest_route=\/wp\/v2\/users\/1"}],"replies":[{"embeddable":true,"href":"https:\/\/elinformante.mx\/index.php?rest_route=%2Fwp%2Fv2%2Fcomments&post=87377"}],"version-history":[{"count":0,"href":"https:\/\/elinformante.mx\/index.php?rest_route=\/wp\/v2\/posts\/87377\/revisions"}],"wp:featuredmedia":[{"embeddable":true,"href":"https:\/\/elinformante.mx\/index.php?rest_route=\/wp\/v2\/media\/87378"}],"wp:attachment":[{"href":"https:\/\/elinformante.mx\/index.php?rest_route=%2Fwp%2Fv2%2Fmedia&parent=87377"}],"wp:term":[{"taxonomy":"category","embeddable":true,"href":"https:\/\/elinformante.mx\/index.php?rest_route=%2Fwp%2Fv2%2Fcategories&post=87377"},{"taxonomy":"post_tag","embeddable":true,"href":"https:\/\/elinformante.mx\/index.php?rest_route=%2Fwp%2Fv2%2Ftags&post=87377"}],"curies":[{"name":"wp","href":"https:\/\/api.w.org\/{rel}","templated":true}]}}