{"id":87416,"date":"2025-07-04T05:40:51","date_gmt":"2025-07-04T11:40:51","guid":{"rendered":"https:\/\/elinformante.mx\/?p=87416"},"modified":"2025-07-07T04:40:51","modified_gmt":"2025-07-07T10:40:51","slug":"entrega-ana-muniz-certificado-de-competencia-laboral-a-servidores-publicos","status":"publish","type":"post","link":"https:\/\/elinformante.mx\/?p=87416","title":{"rendered":"Entrega Ana Mu\u00f1iz Certificado de Competencia Laboral a servidores p\u00fablicos"},"content":{"rendered":"\n<figure class=\"wp-block-pullquote\"><blockquote><p>Invit\u00f3 a todos a permanecer atentos de las redes sociales oficiales para ser beneficiarios de este programa.<\/p><\/blockquote><\/figure>\n\n\n\n<p class=\"has-drop-cap\">Durante la XXVII sesi\u00f3n ordinaria de Cabildo de San Mateo Atenco, la presidenta Ana Mu\u00f1iz Neyra junto con los integrantes de su cabildo aprobaron la convocatoria para el programa municipal \u201cSeguro S\u00ed\u201d, el cual brindar\u00e1 atenci\u00f3n m\u00e9dica general, atenci\u00f3n dental b\u00e1sica, estudios de laboratorio, medicamentos del cuadro b\u00e1sico y lentes completos gratuitos a la poblaci\u00f3n del municipio.<br><\/p>\n\n\n\n<h2 class=\"wp-block-heading\">Este programa busca brindar acceso a servicios de salud esenciales sin costo para los residentes del municipio que no cuentan con seguridad social. Esto incluye:<br><\/h2>\n\n\n\n<ul class=\"wp-block-list\">\n<li>Atenci\u00f3n m\u00e9dica general: Consultas y seguimiento de diversas condiciones de salud.<br><\/li>\n\n\n\n<li>Atenci\u00f3n dental b\u00e1sica: Tratamientos como remoci\u00f3n de caries, extracciones y limpieza dental.<br><\/li>\n\n\n\n<li>Estudios de laboratorio: An\u00e1lisis cl\u00ednicos para diagn\u00f3stico y seguimiento de enfermedades.<br><\/li>\n\n\n\n<li>Medicamentos del cuadro b\u00e1sico: Suministro de medicamentos esenciales para el tratamiento de enfermedades comunes.<br><\/li>\n\n\n\n<li>Lentes completos: Entrega de lentes para personas con problemas de visi\u00f3n.<br><\/li>\n<\/ul>\n\n\n\n<p>Mu\u00f1iz Neyra invit\u00f3 a todos a permanecer atentos de las redes sociales oficiales para ser beneficiarios de este programa.<br><\/p>\n\n\n\n<p>Adem\u00e1s durante la sesi\u00f3n, Mu\u00f1iz Neyra rindi\u00f3 informe para dar cumplimiento al art\u00edculo 32, fracci\u00f3n IV de Ley Org\u00e1nica Municipal del Estado de M\u00e9xico, que se\u00f1ala que las y los servidores p\u00fablicos del Gobierno Municipal de San Mateo Atenco presentar\u00e1n su Certificado de Competencia Laboral.<\/p>\n","protected":false},"excerpt":{"rendered":"<p>Invit\u00f3 a todos a permanecer atentos de las redes sociales oficiales para ser beneficiarios de este programa. Durante la XXVII sesi\u00f3n ordinaria de Cabildo de San Mateo Atenco, la presidenta Ana Mu\u00f1iz Neyra junto con los integrantes de su cabildo aprobaron la convocatoria para el programa municipal \u201cSeguro S\u00ed\u201d, el cual brindar\u00e1 atenci\u00f3n m\u00e9dica general, [&hellip;]<\/p>\n","protected":false},"author":1,"featured_media":87417,"comment_status":"closed","ping_status":"closed","sticky":false,"template":"","format":"standard","meta":{"footnotes":""},"categories":[36],"tags":[],"class_list":["post-87416","post","type-post","status-publish","format-standard","has-post-thumbnail","hentry","category-edomex"],"_links":{"self":[{"href":"https:\/\/elinformante.mx\/index.php?rest_route=\/wp\/v2\/posts\/87416","targetHints":{"allow":["GET"]}}],"collection":[{"href":"https:\/\/elinformante.mx\/index.php?rest_route=\/wp\/v2\/posts"}],"about":[{"href":"https:\/\/elinformante.mx\/index.php?rest_route=\/wp\/v2\/types\/post"}],"author":[{"embeddable":true,"href":"https:\/\/elinformante.mx\/index.php?rest_route=\/wp\/v2\/users\/1"}],"replies":[{"embeddable":true,"href":"https:\/\/elinformante.mx\/index.php?rest_route=%2Fwp%2Fv2%2Fcomments&post=87416"}],"version-history":[{"count":0,"href":"https:\/\/elinformante.mx\/index.php?rest_route=\/wp\/v2\/posts\/87416\/revisions"}],"wp:featuredmedia":[{"embeddable":true,"href":"https:\/\/elinformante.mx\/index.php?rest_route=\/wp\/v2\/media\/87417"}],"wp:attachment":[{"href":"https:\/\/elinformante.mx\/index.php?rest_route=%2Fwp%2Fv2%2Fmedia&parent=87416"}],"wp:term":[{"taxonomy":"category","embeddable":true,"href":"https:\/\/elinformante.mx\/index.php?rest_route=%2Fwp%2Fv2%2Fcategories&post=87416"},{"taxonomy":"post_tag","embeddable":true,"href":"https:\/\/elinformante.mx\/index.php?rest_route=%2Fwp%2Fv2%2Ftags&post=87416"}],"curies":[{"name":"wp","href":"https:\/\/api.w.org\/{rel}","templated":true}]}}