{"id":87430,"date":"2025-07-04T05:49:04","date_gmt":"2025-07-04T11:49:04","guid":{"rendered":"https:\/\/elinformante.mx\/?p=87430"},"modified":"2025-07-07T04:40:47","modified_gmt":"2025-07-07T10:40:47","slug":"transicion-ordenada-y-transparente-garantiza-el-pjedomex","status":"publish","type":"post","link":"https:\/\/elinformante.mx\/?p=87430","title":{"rendered":"Transici\u00f3n ordenada y transparente garantiza el PJEdom\u00e9x"},"content":{"rendered":"\n<figure class=\"wp-block-pullquote\"><blockquote><p>-Revisaron preparativos de la XXIX Carrera del Bicentenario de la y el Abogado 2025, a celebrarse el pr\u00f3ximo 6 de julio. Se declara lista en todos sus detalles.<\/p><\/blockquote><\/figure>\n\n\n\n<p class=\"has-drop-cap\">El Poder Judicial del Estado de M\u00e9xico (PJEdom\u00e9x) garantiza una transici\u00f3n ordenada, transparente, apegada a Derecho y a la altura de la expectativa social, afirm\u00f3 el Magistrado Presidente, Fernando D\u00edaz Ju\u00e1rez, durante la sesi\u00f3n de trabajo del Consejo de la Judicatura en la que se expuso el informe del Comit\u00e9 Interno de Transici\u00f3n, integrado para el adecuado funcionamiento del \u00d3rgano de Administraci\u00f3n Judicial y del Tribunal de Disciplina Judicial, que iniciar\u00e1n sus funciones el pr\u00f3ximo 5 de septiembre.<br><\/p>\n\n\n\n<p>Durante la reuni\u00f3n -realizada en la sede del Poder Judicial mexiquense-, el pleno del Consejo conoci\u00f3 y analiz\u00f3 los avances m\u00e1s recientes del referido Comit\u00e9, el cual tiene a su cargo la integraci\u00f3n y seguimiento del Plan de Trabajo definido para la asignaci\u00f3n de los recursos humanos, financieros y materiales que permitir\u00e1n la operaci\u00f3n de las nuevas instancias del Poder Judicial mexiquense.<br><\/p>\n\n\n\n<p>En ese sentido, el Magistrado Presidente destac\u00f3 la importancia del seguimiento puntual de todos y cada uno de los acuerdos generados al interior del Comit\u00e9, de manera que el Tribunal de Disciplina Judicial y el \u00d3rgano de Administraci\u00f3n Judicial tengan las condiciones adecuadas para el cumplimiento de sus respectivas responsabilidades.<br><\/p>\n\n\n\n<p>El Comit\u00e9 Organizador de la XXIX Carrera del Bicentenario de la y el Abogado 2025 dio a conocer que la etapa de planeaci\u00f3n de la tradicional justa deportiva ha concluido de manera formal. Se prev\u00e9 una amplia participaci\u00f3n de integrantes de la comunidad jur\u00eddica y sus familias, as\u00ed como de servidoras y servidores del PJEdom\u00e9x.<br><\/p>\n\n\n\n<p>Como se recordar\u00e1, este a\u00f1o la Carrera considera -para las ramas femenil y varonil- la realizaci\u00f3n de recorridos de 5 y 10 kil\u00f3metros, as\u00ed como rodadas ciclistas de 10 y 20 kil\u00f3metros. Aunado a ello, se efectuar\u00e1 la iniciativa \u201cKil\u00f3metros con causa\u201d para la donaci\u00f3n de suplementos alimenticios en favor de pacientes en recuperaci\u00f3n de c\u00e1ncer infantil. Asimismo, se efectuar\u00e1 la Jornada de Adopci\u00f3n de Mascotas \u201cUn michi, un lomito, un hogar\u201d en coordinaci\u00f3n con la Comisi\u00f3n Estatal de Parques Naturales y de la Fauna del Gobierno del Estado de M\u00e9xico.<\/p>\n","protected":false},"excerpt":{"rendered":"<p>-Revisaron preparativos de la XXIX Carrera del Bicentenario de la y el Abogado 2025, a celebrarse el pr\u00f3ximo 6 de julio. Se declara lista en todos sus detalles. El Poder Judicial del Estado de M\u00e9xico (PJEdom\u00e9x) garantiza una transici\u00f3n ordenada, transparente, apegada a Derecho y a la altura de la expectativa social, afirm\u00f3 el Magistrado [&hellip;]<\/p>\n","protected":false},"author":1,"featured_media":87431,"comment_status":"closed","ping_status":"closed","sticky":false,"template":"","format":"standard","meta":{"footnotes":""},"categories":[36],"tags":[],"class_list":["post-87430","post","type-post","status-publish","format-standard","has-post-thumbnail","hentry","category-edomex"],"_links":{"self":[{"href":"https:\/\/elinformante.mx\/index.php?rest_route=\/wp\/v2\/posts\/87430","targetHints":{"allow":["GET"]}}],"collection":[{"href":"https:\/\/elinformante.mx\/index.php?rest_route=\/wp\/v2\/posts"}],"about":[{"href":"https:\/\/elinformante.mx\/index.php?rest_route=\/wp\/v2\/types\/post"}],"author":[{"embeddable":true,"href":"https:\/\/elinformante.mx\/index.php?rest_route=\/wp\/v2\/users\/1"}],"replies":[{"embeddable":true,"href":"https:\/\/elinformante.mx\/index.php?rest_route=%2Fwp%2Fv2%2Fcomments&post=87430"}],"version-history":[{"count":0,"href":"https:\/\/elinformante.mx\/index.php?rest_route=\/wp\/v2\/posts\/87430\/revisions"}],"wp:featuredmedia":[{"embeddable":true,"href":"https:\/\/elinformante.mx\/index.php?rest_route=\/wp\/v2\/media\/87431"}],"wp:attachment":[{"href":"https:\/\/elinformante.mx\/index.php?rest_route=%2Fwp%2Fv2%2Fmedia&parent=87430"}],"wp:term":[{"taxonomy":"category","embeddable":true,"href":"https:\/\/elinformante.mx\/index.php?rest_route=%2Fwp%2Fv2%2Fcategories&post=87430"},{"taxonomy":"post_tag","embeddable":true,"href":"https:\/\/elinformante.mx\/index.php?rest_route=%2Fwp%2Fv2%2Ftags&post=87430"}],"curies":[{"name":"wp","href":"https:\/\/api.w.org\/{rel}","templated":true}]}}