{"id":87440,"date":"2025-07-04T06:05:06","date_gmt":"2025-07-04T12:05:06","guid":{"rendered":"https:\/\/elinformante.mx\/?p=87440"},"modified":"2025-07-07T04:40:43","modified_gmt":"2025-07-07T10:40:43","slug":"se-lleva-a-cabo-la-reunion-nacional-de-titulares-de-los-sistemas-dif","status":"publish","type":"post","link":"https:\/\/elinformante.mx\/?p=87440","title":{"rendered":"Se lleva a cabo la Reuni\u00f3n Nacional de Titulares de los Sistemas DIF"},"content":{"rendered":"\n<figure class=\"wp-block-pullquote\"><blockquote><p>-Durante el encuentro con titulares de los Sistemas DIF del pa\u00eds, la Mandataria estatal afirma que \u201cel DIF es el rostro m\u00e1s humano del Estado, donde la justicia social se vuelve real\u201d.<\/p><\/blockquote><\/figure>\n\n\n\n<p class=\"has-drop-cap\">La Gobernadora del Estado de M\u00e9xico, Delfina G\u00f3mez \u00c1lvarez, inaugur\u00f3 la Reuni\u00f3n Nacional de Titulares de los Sistemas DIF, haciendo un llamado a fortalecer la pol\u00edtica social desde una visi\u00f3n humanista y con justicia social real.<br><\/p>\n\n\n\n<p>La Mandataria estatal asegur\u00f3 que, desde el inicio de su administraci\u00f3n, el Sistema para el Desarrollo Integral de la Familia del Estado de M\u00e9xico (DIFEM) ha sido fortalecido no solo con recursos, sino con acciones concretas, como la entrega de desayunos escolares, terapias y apoyos funcionales para personas con discapacidad.<br><\/p>\n\n\n\n<p>\u201cFrente a tantas necesidades que vemos cada d\u00eda, frente a tanto dolor que a veces nos puede abrumar, cada acci\u00f3n que realizan desde el DIF tiene un valor incalculable\u201d, expres\u00f3 la Maestra Delfina G\u00f3mez \u00c1lvarez.<br><\/p>\n\n\n\n<p>El evento re\u00fane a titulares de los Sistemas DIF de las 32 entidades del pa\u00eds, quienes compartir\u00e1n experiencias, casos de \u00e9xito y estrategias para mejorar la atenci\u00f3n a poblaciones vulnerables.<br><\/p>\n\n\n\n<p>En este sentido, la Gobernadora Delfina G\u00f3mez \u00c1lvarez convoc\u00f3 a los asistentes a que el encuentro se traduzca en acuerdos concretos: \u201cLos invito a que en estos d\u00edas construyamos de manera junta una pol\u00edtica que pueda seguir apoyando esa atenci\u00f3n a los ciudadanos\u201d.<br><\/p>\n\n\n\n<p>En su intervenci\u00f3n, Karina Labastida Sotelo, Directora General del DIFEM, se\u00f1al\u00f3 que este espacio busca consolidarse como una plataforma para impulsar acciones que garanticen una vida digna para todas las personas.<br><\/p>\n\n\n\n<p>\u201cAqu\u00ed reafirmamos que la diversidad nos fortalece y que nuestras diferencias tambi\u00e9n son una fuente de aprendizaje e inspiraci\u00f3n colectiva de transformar realidades desde lo local, desde lo comunitario, pero sobre todo desde el coraz\u00f3n\u201d, dijo.<br><\/p>\n\n\n\n<p>Como muestra del compromiso institucional, la Gobernadora Delfina G\u00f3mez \u00c1lvarez entreg\u00f3 a Mar\u00eda del Roc\u00edo Garc\u00eda P\u00e9rez, titular del Sistema Nacional DIF, un tapete artesanal elaborado por manos de artesanos de Temoaya.<br><\/p>\n\n\n\n<p>Al acto inaugural asistieron presidentas y directores de los Sistemas DIF estatales, representantes municipales y miembros del Gabinete estatal.<\/p>\n","protected":false},"excerpt":{"rendered":"<p>-Durante el encuentro con titulares de los Sistemas DIF del pa\u00eds, la Mandataria estatal afirma que \u201cel DIF es el rostro m\u00e1s humano del Estado, donde la justicia social se vuelve real\u201d. La Gobernadora del Estado de M\u00e9xico, Delfina G\u00f3mez \u00c1lvarez, inaugur\u00f3 la Reuni\u00f3n Nacional de Titulares de los Sistemas DIF, haciendo un llamado a [&hellip;]<\/p>\n","protected":false},"author":1,"featured_media":87441,"comment_status":"closed","ping_status":"closed","sticky":false,"template":"","format":"standard","meta":{"footnotes":""},"categories":[30,36],"tags":[],"class_list":["post-87440","post","type-post","status-publish","format-standard","has-post-thumbnail","hentry","category-destacado","category-edomex"],"_links":{"self":[{"href":"https:\/\/elinformante.mx\/index.php?rest_route=\/wp\/v2\/posts\/87440","targetHints":{"allow":["GET"]}}],"collection":[{"href":"https:\/\/elinformante.mx\/index.php?rest_route=\/wp\/v2\/posts"}],"about":[{"href":"https:\/\/elinformante.mx\/index.php?rest_route=\/wp\/v2\/types\/post"}],"author":[{"embeddable":true,"href":"https:\/\/elinformante.mx\/index.php?rest_route=\/wp\/v2\/users\/1"}],"replies":[{"embeddable":true,"href":"https:\/\/elinformante.mx\/index.php?rest_route=%2Fwp%2Fv2%2Fcomments&post=87440"}],"version-history":[{"count":0,"href":"https:\/\/elinformante.mx\/index.php?rest_route=\/wp\/v2\/posts\/87440\/revisions"}],"wp:featuredmedia":[{"embeddable":true,"href":"https:\/\/elinformante.mx\/index.php?rest_route=\/wp\/v2\/media\/87441"}],"wp:attachment":[{"href":"https:\/\/elinformante.mx\/index.php?rest_route=%2Fwp%2Fv2%2Fmedia&parent=87440"}],"wp:term":[{"taxonomy":"category","embeddable":true,"href":"https:\/\/elinformante.mx\/index.php?rest_route=%2Fwp%2Fv2%2Fcategories&post=87440"},{"taxonomy":"post_tag","embeddable":true,"href":"https:\/\/elinformante.mx\/index.php?rest_route=%2Fwp%2Fv2%2Ftags&post=87440"}],"curies":[{"name":"wp","href":"https:\/\/api.w.org\/{rel}","templated":true}]}}