{"id":87443,"date":"2025-07-04T06:07:25","date_gmt":"2025-07-04T12:07:25","guid":{"rendered":"https:\/\/elinformante.mx\/?p=87443"},"modified":"2025-07-07T04:40:41","modified_gmt":"2025-07-07T10:40:41","slug":"inaugura-delfina-gomez-spa-y-temazcal-en-casa-de-descanso-del-smsem-ixtamil","status":"publish","type":"post","link":"https:\/\/elinformante.mx\/?p=87443","title":{"rendered":"Inaugura Delfina G\u00f3mez spa y temazcal en Casa de Descanso del SMSEM-Ixtamil"},"content":{"rendered":"\n<figure class=\"wp-block-pullquote\"><blockquote><p>-La Mandataria estatal reconoce papel transformador de las y los docentes en la construcci\u00f3n de una educaci\u00f3n con sentido social.<br>-Anuncia la firma del Convenio de Sueldo y Prestaciones 2025 en beneficio del magisterio.<\/p><\/blockquote><\/figure>\n\n\n\n<p class=\"has-drop-cap\">La Gobernadora Delfina G\u00f3mez \u00c1lvarez inaugur\u00f3 las instalaciones de gimnasio, spa y temazcal en la Casa de Descanso de la Unidad Sindical del SMSEM-Ixtamil, en Ixtapan de la Sal, espacios para fortalecer el bienestar f\u00edsico y emocional del magisterio mexiquense y sus familias.<br><\/p>\n\n\n\n<figure class=\"wp-block-image size-large\"><img fetchpriority=\"high\" decoding=\"async\" width=\"1024\" height=\"506\" src=\"https:\/\/elinformante.mx\/wp-content\/uploads\/2025\/07\/7inaugura-1024x506.jpg\" alt=\"\" class=\"wp-image-87445\" srcset=\"https:\/\/elinformante.mx\/wp-content\/uploads\/2025\/07\/7inaugura-1024x506.jpg 1024w, https:\/\/elinformante.mx\/wp-content\/uploads\/2025\/07\/7inaugura-300x148.jpg 300w, https:\/\/elinformante.mx\/wp-content\/uploads\/2025\/07\/7inaugura-768x379.jpg 768w, https:\/\/elinformante.mx\/wp-content\/uploads\/2025\/07\/7inaugura.jpg 1140w\" sizes=\"(max-width: 1024px) 100vw, 1024px\" \/><\/figure>\n\n\n\n<p>En el evento reconoci\u00f3 el papel transformador de las y los docentes en la construcci\u00f3n de una educaci\u00f3n con sentido social. \u201cPara cada uno de ustedes mi reconocimiento, mi agradecimiento por ser parte de esta transformaci\u00f3n que se vive en nuestro estado y en nuestro pa\u00eds, que es el componente para lograr una educaci\u00f3n de excelencia, que sea humanista, que sea cient\u00edfica y que est\u00e9 de acuerdo con lo que nuestra sociedad necesita\u201d, afirm\u00f3 la Maestra Delfina G\u00f3mez \u00c1lvarez.<br><\/p>\n\n\n\n<p>La Titular del Ejecutivo estatal refrend\u00f3 su compromiso con la mejora de las condiciones laborales del magisterio, y anunci\u00f3 que el Convenio de Sueldo y Prestaciones 2025 ser\u00e1 firmado en el transcurso de este mes, como muestra del respaldo a la base sindical.<br><\/p>\n\n\n\n<figure class=\"wp-block-image size-large\"><img decoding=\"async\" width=\"1024\" height=\"506\" src=\"https:\/\/elinformante.mx\/wp-content\/uploads\/2025\/07\/7inaugura-2-1024x506.jpg\" alt=\"\" class=\"wp-image-87446\" srcset=\"https:\/\/elinformante.mx\/wp-content\/uploads\/2025\/07\/7inaugura-2-1024x506.jpg 1024w, https:\/\/elinformante.mx\/wp-content\/uploads\/2025\/07\/7inaugura-2-300x148.jpg 300w, https:\/\/elinformante.mx\/wp-content\/uploads\/2025\/07\/7inaugura-2-768x379.jpg 768w, https:\/\/elinformante.mx\/wp-content\/uploads\/2025\/07\/7inaugura-2.jpg 1140w\" sizes=\"(max-width: 1024px) 100vw, 1024px\" \/><\/figure>\n\n\n\n<p>En el marco del cierre del ciclo escolar 2024-2025, exhort\u00f3 a las maestras y maestros a recargar energ\u00eda durante el receso de verano para continuar formando a la ni\u00f1ez y juventud mexiquense.<br><\/p>\n\n\n\n<p>\u201cEspero que estos d\u00edas de descanso sirvan para recargar bater\u00edas, que van a ser muy importantes para iniciar el nuevo ciclo escolar, que lleguen a los salones de clases con el entusiasmo, con el compromiso que les caracteriza, para seguir guiando y formando a nuestras ni\u00f1as, a nuestros ni\u00f1os, a nuestros j\u00f3venes y a nuestros adolescentes\u201d, se\u00f1al\u00f3 la Gobernadora Delfina G\u00f3mez \u00c1lvarez<br><\/p>\n\n\n\n<figure class=\"wp-block-image size-large\"><img decoding=\"async\" width=\"1024\" height=\"506\" src=\"https:\/\/elinformante.mx\/wp-content\/uploads\/2025\/07\/7inaugura-3-1024x506.jpg\" alt=\"\" class=\"wp-image-87447\" srcset=\"https:\/\/elinformante.mx\/wp-content\/uploads\/2025\/07\/7inaugura-3-1024x506.jpg 1024w, https:\/\/elinformante.mx\/wp-content\/uploads\/2025\/07\/7inaugura-3-300x148.jpg 300w, https:\/\/elinformante.mx\/wp-content\/uploads\/2025\/07\/7inaugura-3-768x379.jpg 768w, https:\/\/elinformante.mx\/wp-content\/uploads\/2025\/07\/7inaugura-3.jpg 1140w\" sizes=\"(max-width: 1024px) 100vw, 1024px\" \/><\/figure>\n\n\n\n<p>Las nuevas instalaciones incluyen un gimnasio con equipo de entrenamiento, un spa de relajaci\u00f3n y un temazcal con elementos de medicina tradicional, disponibles para las y los docentes durante sus estancias vacacionales.<br><\/p>\n\n\n\n<p>Por su parte, el Secretario General del Sindicato de Maestros al Servicio del Estado de M\u00e9xico (SMSEM), Jenaro Mart\u00ednez Reyes, destac\u00f3 la apertura al di\u00e1logo de la actual administraci\u00f3n y reconoci\u00f3 el respaldo a los derechos del magisterio.<\/p>\n","protected":false},"excerpt":{"rendered":"<p>-La Mandataria estatal reconoce papel transformador de las y los docentes en la construcci\u00f3n de una educaci\u00f3n con sentido social.-Anuncia la firma del Convenio de Sueldo y Prestaciones 2025 en beneficio del magisterio. La Gobernadora Delfina G\u00f3mez \u00c1lvarez inaugur\u00f3 las instalaciones de gimnasio, spa y temazcal en la Casa de Descanso de la Unidad Sindical [&hellip;]<\/p>\n","protected":false},"author":1,"featured_media":87444,"comment_status":"closed","ping_status":"closed","sticky":false,"template":"","format":"standard","meta":{"footnotes":""},"categories":[30,36,31],"tags":[],"class_list":["post-87443","post","type-post","status-publish","format-standard","has-post-thumbnail","hentry","category-destacado","category-edomex","category-portada"],"_links":{"self":[{"href":"https:\/\/elinformante.mx\/index.php?rest_route=\/wp\/v2\/posts\/87443","targetHints":{"allow":["GET"]}}],"collection":[{"href":"https:\/\/elinformante.mx\/index.php?rest_route=\/wp\/v2\/posts"}],"about":[{"href":"https:\/\/elinformante.mx\/index.php?rest_route=\/wp\/v2\/types\/post"}],"author":[{"embeddable":true,"href":"https:\/\/elinformante.mx\/index.php?rest_route=\/wp\/v2\/users\/1"}],"replies":[{"embeddable":true,"href":"https:\/\/elinformante.mx\/index.php?rest_route=%2Fwp%2Fv2%2Fcomments&post=87443"}],"version-history":[{"count":0,"href":"https:\/\/elinformante.mx\/index.php?rest_route=\/wp\/v2\/posts\/87443\/revisions"}],"wp:featuredmedia":[{"embeddable":true,"href":"https:\/\/elinformante.mx\/index.php?rest_route=\/wp\/v2\/media\/87444"}],"wp:attachment":[{"href":"https:\/\/elinformante.mx\/index.php?rest_route=%2Fwp%2Fv2%2Fmedia&parent=87443"}],"wp:term":[{"taxonomy":"category","embeddable":true,"href":"https:\/\/elinformante.mx\/index.php?rest_route=%2Fwp%2Fv2%2Fcategories&post=87443"},{"taxonomy":"post_tag","embeddable":true,"href":"https:\/\/elinformante.mx\/index.php?rest_route=%2Fwp%2Fv2%2Ftags&post=87443"}],"curies":[{"name":"wp","href":"https:\/\/api.w.org\/{rel}","templated":true}]}}