{"id":87449,"date":"2025-07-04T06:17:15","date_gmt":"2025-07-04T12:17:15","guid":{"rendered":"https:\/\/elinformante.mx\/?p=87449"},"modified":"2025-07-07T04:40:39","modified_gmt":"2025-07-07T10:40:39","slug":"en-lerma-se-trabaja-de-la-mano-con-gem-para-fortalecer-soluciones-en-materia-laboral-ramirez-ponce","status":"publish","type":"post","link":"https:\/\/elinformante.mx\/?p=87449","title":{"rendered":"En Lerma se trabaja de la mano con GEM para fortalecer soluciones en materia laboral: Ram\u00edrez Ponce"},"content":{"rendered":"\n<figure class=\"wp-block-pullquote\"><blockquote><p>Es importante fortalecer la colaboraci\u00f3n y promover soluciones eficaces en materia laboral.<\/p><\/blockquote><\/figure>\n\n\n\n<p class=\"has-drop-cap\">En el municipio de Lerma, el presidente municipal Miguel \u00c1ngel Ram\u00edrez Ponce se reuni\u00f3 con el Mtro. Cristopher Garc\u00eda Ca\u00f1as, Titular del Centro de Conciliaci\u00f3n Laboral del Estado de M\u00e9xico (CCLEM) para fortalecer la colaboraci\u00f3n y promover soluciones eficaces en materia laboral.<br><\/p>\n\n\n\n<figure class=\"wp-block-image size-large\"><img fetchpriority=\"high\" decoding=\"async\" width=\"1024\" height=\"506\" src=\"https:\/\/elinformante.mx\/wp-content\/uploads\/2025\/07\/8LERM-3-1024x506.jpg\" alt=\"\" class=\"wp-image-87451\" srcset=\"https:\/\/elinformante.mx\/wp-content\/uploads\/2025\/07\/8LERM-3-1024x506.jpg 1024w, https:\/\/elinformante.mx\/wp-content\/uploads\/2025\/07\/8LERM-3-300x148.jpg 300w, https:\/\/elinformante.mx\/wp-content\/uploads\/2025\/07\/8LERM-3-768x379.jpg 768w, https:\/\/elinformante.mx\/wp-content\/uploads\/2025\/07\/8LERM-3.jpg 1140w\" sizes=\"(max-width: 1024px) 100vw, 1024px\" \/><\/figure>\n\n\n\n<p>Ram\u00edrez Ponce se\u00f1al\u00f3 que el trabajo del CCLEM, es verdaderamente importante en la entidad, ya que es una instituci\u00f3n que promueve las bondades de la conciliaci\u00f3n como procedimiento prejudicial ante controversias laborales.<br><\/p>\n\n\n\n<p>Reiter\u00f3 que en Lerma, existe un gran compromiso por continuar trabajando de la mano con la Secretaria del Trabajo y con el gobierno encabezado por la Gobernadora Delfina G\u00f3mez, para seguir fortaleciendo los espacios de di\u00e1logo y colaboraci\u00f3n entre sectores que impulsen m\u00e1s y mejores oportunidades laborales para las y los mexiquenses.<br><\/p>\n\n\n\n<figure class=\"wp-block-image size-large\"><img decoding=\"async\" width=\"1024\" height=\"506\" src=\"https:\/\/elinformante.mx\/wp-content\/uploads\/2025\/07\/8LERM-2-1024x506.jpg\" alt=\"\" class=\"wp-image-87452\" srcset=\"https:\/\/elinformante.mx\/wp-content\/uploads\/2025\/07\/8LERM-2-1024x506.jpg 1024w, https:\/\/elinformante.mx\/wp-content\/uploads\/2025\/07\/8LERM-2-300x148.jpg 300w, https:\/\/elinformante.mx\/wp-content\/uploads\/2025\/07\/8LERM-2-768x379.jpg 768w, https:\/\/elinformante.mx\/wp-content\/uploads\/2025\/07\/8LERM-2.jpg 1140w\" sizes=\"(max-width: 1024px) 100vw, 1024px\" \/><\/figure>\n\n\n\n<p>Se\u00f1al\u00f3 que el trabajo entre las instituciones que integran esta red, reafirma el compromiso de impulsar pol\u00edticas p\u00fablicas que conecten de manera efectiva el talento mexiquense con las oportunidades laborales.<br><\/p>\n\n\n\n<p>Y afirm\u00f3 que Lerma, es un municipio que colabora con este importante equipo perteneciente a la Secretar\u00eda del Trabajo del Gobierno del Estado de M\u00e9xico.<\/p>\n","protected":false},"excerpt":{"rendered":"<p>Es importante fortalecer la colaboraci\u00f3n y promover soluciones eficaces en materia laboral. En el municipio de Lerma, el presidente municipal Miguel \u00c1ngel Ram\u00edrez Ponce se reuni\u00f3 con el Mtro. Cristopher Garc\u00eda Ca\u00f1as, Titular del Centro de Conciliaci\u00f3n Laboral del Estado de M\u00e9xico (CCLEM) para fortalecer la colaboraci\u00f3n y promover soluciones eficaces en materia laboral. Ram\u00edrez [&hellip;]<\/p>\n","protected":false},"author":1,"featured_media":87450,"comment_status":"closed","ping_status":"closed","sticky":false,"template":"","format":"standard","meta":{"footnotes":""},"categories":[30,36,31],"tags":[46],"class_list":["post-87449","post","type-post","status-publish","format-standard","has-post-thumbnail","hentry","category-destacado","category-edomex","category-portada","tag-portadaedomex"],"_links":{"self":[{"href":"https:\/\/elinformante.mx\/index.php?rest_route=\/wp\/v2\/posts\/87449","targetHints":{"allow":["GET"]}}],"collection":[{"href":"https:\/\/elinformante.mx\/index.php?rest_route=\/wp\/v2\/posts"}],"about":[{"href":"https:\/\/elinformante.mx\/index.php?rest_route=\/wp\/v2\/types\/post"}],"author":[{"embeddable":true,"href":"https:\/\/elinformante.mx\/index.php?rest_route=\/wp\/v2\/users\/1"}],"replies":[{"embeddable":true,"href":"https:\/\/elinformante.mx\/index.php?rest_route=%2Fwp%2Fv2%2Fcomments&post=87449"}],"version-history":[{"count":0,"href":"https:\/\/elinformante.mx\/index.php?rest_route=\/wp\/v2\/posts\/87449\/revisions"}],"wp:featuredmedia":[{"embeddable":true,"href":"https:\/\/elinformante.mx\/index.php?rest_route=\/wp\/v2\/media\/87450"}],"wp:attachment":[{"href":"https:\/\/elinformante.mx\/index.php?rest_route=%2Fwp%2Fv2%2Fmedia&parent=87449"}],"wp:term":[{"taxonomy":"category","embeddable":true,"href":"https:\/\/elinformante.mx\/index.php?rest_route=%2Fwp%2Fv2%2Fcategories&post=87449"},{"taxonomy":"post_tag","embeddable":true,"href":"https:\/\/elinformante.mx\/index.php?rest_route=%2Fwp%2Fv2%2Ftags&post=87449"}],"curies":[{"name":"wp","href":"https:\/\/api.w.org\/{rel}","templated":true}]}}