{"id":87466,"date":"2025-07-04T06:30:46","date_gmt":"2025-07-04T12:30:46","guid":{"rendered":"https:\/\/elinformante.mx\/?p=87466"},"modified":"2025-07-07T04:40:35","modified_gmt":"2025-07-07T10:40:35","slug":"ofrecen-en-baja-california-mas-de-21-mil-sesiones-psicologicas-preventivas-cada-ano","status":"publish","type":"post","link":"https:\/\/elinformante.mx\/?p=87466","title":{"rendered":"Ofrecen en Baja California m\u00e1s de 21 mil sesiones psicol\u00f3gicas preventivas cada a\u00f1o"},"content":{"rendered":"\n<figure class=\"wp-block-pullquote\"><blockquote><p>El director general del IPEBC, V\u00edctor Salvador Rico Hern\u00e1ndez, inform\u00f3 que cada a\u00f1o se brindan en promedio 21 mil sesiones preventivas de atenci\u00f3n psicol\u00f3gica.<\/p><\/blockquote><\/figure>\n\n\n\n<p class=\"has-drop-cap\">La atenci\u00f3n psicol\u00f3gica preventiva es una herramienta fundamental para fortalecer la salud mental de la poblaci\u00f3n y reducir los riesgos asociados al consumo de sustancias y a la violencia de g\u00e9nero, por lo que el Instituto de Psiquiatr\u00eda del Estado de Baja California (IPEBC) ha intensificado su presencia en escuelas, comunidades y centros de atenci\u00f3n con servicios gratuitos y accesibles.<br><\/p>\n\n\n\n<p>El director general del IPEBC, V\u00edctor Salvador Rico Hern\u00e1ndez, inform\u00f3 que cada a\u00f1o se brindan en promedio 21 mil sesiones preventivas de atenci\u00f3n psicol\u00f3gica en espacios como centros educativos, albergues, centros de rehabilitaci\u00f3n, grupos de apoyo emocional, sistema penitenciario, comunidades vulnerables y centros de desarrollo institucional, llevando orientaci\u00f3n profesional directamente a la poblaci\u00f3n.<br><\/p>\n\n\n\n<p>Explic\u00f3 que este enfoque preventivo e integral permite detectar a tiempo factores de riesgo y brindar herramientas para enfrentar situaciones como ansiedad, depresi\u00f3n, conflictos familiares, violencia, y uso problem\u00e1tico de sustancias. Estas intervenciones tambi\u00e9n fomentan el autocuidado emocional, fortalecen los v\u00ednculos comunitarios y favorecen la construcci\u00f3n de entornos saludables.<br><\/p>\n\n\n\n<p>Asimismo, hizo un llamado a la poblaci\u00f3n a reconocer la importancia de cuidar el bienestar emocional y acudir a los servicios psicol\u00f3gicos desde una perspectiva de autocuidado, sin esperar a que los problemas se agraven. \u201cCuidar la salud mental es parte esencial del bienestar integral y debe asumirse como un derecho y una responsabilidad compartida\u201d, subray\u00f3.<br><\/p>\n\n\n\n<p>Finalmente, se recuerda que el IPEBC ofrece atenci\u00f3n psicol\u00f3gica gratuita y orientaci\u00f3n especializada a trav\u00e9s de la L\u00ednea 075, disponible las 24 horas del d\u00eda. Tambi\u00e9n pueden obtener informaci\u00f3n en los tel\u00e9fonos del Instituto: en Mexicali al (686) 561 03 15, en Tijuana al (664) 684 26 64, y en Ensenada al (646) 178 85 77, o consultar las redes sociales oficiales del IPEBC para conocer todos los servicios disponibles en su localidad.<\/p>\n","protected":false},"excerpt":{"rendered":"<p>El director general del IPEBC, V\u00edctor Salvador Rico Hern\u00e1ndez, inform\u00f3 que cada a\u00f1o se brindan en promedio 21 mil sesiones preventivas de atenci\u00f3n psicol\u00f3gica. La atenci\u00f3n psicol\u00f3gica preventiva es una herramienta fundamental para fortalecer la salud mental de la poblaci\u00f3n y reducir los riesgos asociados al consumo de sustancias y a la violencia de g\u00e9nero, [&hellip;]<\/p>\n","protected":false},"author":1,"featured_media":87467,"comment_status":"closed","ping_status":"closed","sticky":false,"template":"","format":"standard","meta":{"footnotes":""},"categories":[34],"tags":[],"class_list":["post-87466","post","type-post","status-publish","format-standard","has-post-thumbnail","hentry","category-nacional"],"_links":{"self":[{"href":"https:\/\/elinformante.mx\/index.php?rest_route=\/wp\/v2\/posts\/87466","targetHints":{"allow":["GET"]}}],"collection":[{"href":"https:\/\/elinformante.mx\/index.php?rest_route=\/wp\/v2\/posts"}],"about":[{"href":"https:\/\/elinformante.mx\/index.php?rest_route=\/wp\/v2\/types\/post"}],"author":[{"embeddable":true,"href":"https:\/\/elinformante.mx\/index.php?rest_route=\/wp\/v2\/users\/1"}],"replies":[{"embeddable":true,"href":"https:\/\/elinformante.mx\/index.php?rest_route=%2Fwp%2Fv2%2Fcomments&post=87466"}],"version-history":[{"count":0,"href":"https:\/\/elinformante.mx\/index.php?rest_route=\/wp\/v2\/posts\/87466\/revisions"}],"wp:featuredmedia":[{"embeddable":true,"href":"https:\/\/elinformante.mx\/index.php?rest_route=\/wp\/v2\/media\/87467"}],"wp:attachment":[{"href":"https:\/\/elinformante.mx\/index.php?rest_route=%2Fwp%2Fv2%2Fmedia&parent=87466"}],"wp:term":[{"taxonomy":"category","embeddable":true,"href":"https:\/\/elinformante.mx\/index.php?rest_route=%2Fwp%2Fv2%2Fcategories&post=87466"},{"taxonomy":"post_tag","embeddable":true,"href":"https:\/\/elinformante.mx\/index.php?rest_route=%2Fwp%2Fv2%2Ftags&post=87466"}],"curies":[{"name":"wp","href":"https:\/\/api.w.org\/{rel}","templated":true}]}}