{"id":87472,"date":"2025-07-04T06:37:27","date_gmt":"2025-07-04T12:37:27","guid":{"rendered":"https:\/\/elinformante.mx\/?p=87472"},"modified":"2025-07-07T04:40:30","modified_gmt":"2025-07-07T10:40:30","slug":"senado-celebro-el-70-aniversario-del-voto-de-la-mujer","status":"publish","type":"post","link":"https:\/\/elinformante.mx\/?p=87472","title":{"rendered":"Senado celebr\u00f3 el 70 aniversario del voto de la mujer"},"content":{"rendered":"\n<figure class=\"wp-block-pullquote\"><blockquote><p>-Fue el 3 de julio de 1955 cuando las mujeres en M\u00e9xico sufragaron por primera vez<\/p><\/blockquote><\/figure>\n\n\n\n<p class=\"has-drop-cap\">El Pleno de la Comisi\u00f3n Permanente del Congreso de la Uni\u00f3n conmemor\u00f3 el 70 aniversario del voto de la mujer en M\u00e9xico, una fecha hist\u00f3rica que abri\u00f3 el camino para que las mujeres accedieran a cargos p\u00fablicos y a la toma de decisiones.<br><\/p>\n\n\n\n<p>Fue el 3 de julio de 1955 cuando las mujeres en el pa\u00eds emitieron el sufragio por primera vez en una elecci\u00f3n federal. Lo anterior, derivado de la promulgaci\u00f3n de las reformas constitucionales del 17 de octubre de 1953, que permitieron a las mexicanas gozar de este derecho.<br><\/p>\n\n\n\n<p>Desde tribuna, la diputada Mariana Ben\u00edtez Tiburcio, de Morena, se\u00f1al\u00f3 que es una fecha hist\u00f3rica que no se puede pasar por alto, pues son 70 a\u00f1os en que por primera vez las mexicanas participaron con su voto en una elecci\u00f3n.<br><\/p>\n\n\n\n<p>Un d\u00eda, dijo, en que la \u201clucha de d\u00e9cadas se convirti\u00f3 en una realidad\u201d, no solo para cumplir con un derecho, sino para hacer valer su voz en la vida p\u00fablica; avance que no fue concesi\u00f3n ni casualidad, sino el resultado de la perseverancia de mujeres como Hermila Galindo Acosta, Elvia Carrillo Puerto, Amalia Gonz\u00e1lez Caballero de Castillo Led\u00f3n y Aurora Jim\u00e9nez de Palacios.<br><\/p>\n\n\n\n<p>Por el PAN, la diputada Margarita Zavala G\u00f3mez del Campo, afirm\u00f3 que fueron las tatarabuelas, bisabuela y abuelas, las que lucharon por la participaci\u00f3n de las mujeres en la vida pol\u00edtica del pa\u00eds.<br><\/p>\n\n\n\n<p>Se trata, subray\u00f3, de un acontecimiento que obedece a que los problemas sociales y pol\u00edticos del pa\u00eds deben ser solucionados tanto por hombres como mujeres, por lo que fue necesario que en todos los partidos pol\u00edticos las mujeres participaran y tomaran decisiones, como las primeras alcaldesas, gobernadoras y candidatas presidenciales.<br><\/p>\n\n\n\n<p>Tan solo en Acci\u00f3n Nacional, agreg\u00f3, Mar\u00eda Elena \u00c1lvarez Bernal de Vicencio fue una de las primeras presidentas en la C\u00e1mara de Diputados, \u201ca ellas, a las que nos abrieron las puertas les dedicamos este d\u00eda\u201d.<\/p>\n","protected":false},"excerpt":{"rendered":"<p>-Fue el 3 de julio de 1955 cuando las mujeres en M\u00e9xico sufragaron por primera vez El Pleno de la Comisi\u00f3n Permanente del Congreso de la Uni\u00f3n conmemor\u00f3 el 70 aniversario del voto de la mujer en M\u00e9xico, una fecha hist\u00f3rica que abri\u00f3 el camino para que las mujeres accedieran a cargos p\u00fablicos y a [&hellip;]<\/p>\n","protected":false},"author":1,"featured_media":87473,"comment_status":"closed","ping_status":"closed","sticky":false,"template":"","format":"standard","meta":{"footnotes":""},"categories":[34],"tags":[],"class_list":["post-87472","post","type-post","status-publish","format-standard","has-post-thumbnail","hentry","category-nacional"],"_links":{"self":[{"href":"https:\/\/elinformante.mx\/index.php?rest_route=\/wp\/v2\/posts\/87472","targetHints":{"allow":["GET"]}}],"collection":[{"href":"https:\/\/elinformante.mx\/index.php?rest_route=\/wp\/v2\/posts"}],"about":[{"href":"https:\/\/elinformante.mx\/index.php?rest_route=\/wp\/v2\/types\/post"}],"author":[{"embeddable":true,"href":"https:\/\/elinformante.mx\/index.php?rest_route=\/wp\/v2\/users\/1"}],"replies":[{"embeddable":true,"href":"https:\/\/elinformante.mx\/index.php?rest_route=%2Fwp%2Fv2%2Fcomments&post=87472"}],"version-history":[{"count":0,"href":"https:\/\/elinformante.mx\/index.php?rest_route=\/wp\/v2\/posts\/87472\/revisions"}],"wp:featuredmedia":[{"embeddable":true,"href":"https:\/\/elinformante.mx\/index.php?rest_route=\/wp\/v2\/media\/87473"}],"wp:attachment":[{"href":"https:\/\/elinformante.mx\/index.php?rest_route=%2Fwp%2Fv2%2Fmedia&parent=87472"}],"wp:term":[{"taxonomy":"category","embeddable":true,"href":"https:\/\/elinformante.mx\/index.php?rest_route=%2Fwp%2Fv2%2Fcategories&post=87472"},{"taxonomy":"post_tag","embeddable":true,"href":"https:\/\/elinformante.mx\/index.php?rest_route=%2Fwp%2Fv2%2Ftags&post=87472"}],"curies":[{"name":"wp","href":"https:\/\/api.w.org\/{rel}","templated":true}]}}