{"id":87478,"date":"2025-07-04T06:41:09","date_gmt":"2025-07-04T12:41:09","guid":{"rendered":"https:\/\/elinformante.mx\/?p=87478"},"modified":"2025-07-07T04:40:27","modified_gmt":"2025-07-07T10:40:27","slug":"jornada-laboral-de-40-horas-en-mexico-menos-horas-mas-tecnologia-e-ia","status":"publish","type":"post","link":"https:\/\/elinformante.mx\/?p=87478","title":{"rendered":"JORNADA LABORAL DE 40 HORAS EN M\u00c9XICO, \u00bfMENOS HORAS, M\u00c1S TECNOLOG\u00cdA E IA?"},"content":{"rendered":"\n<figure class=\"wp-block-pullquote\"><blockquote><p><strong>Por: David Cervantes Arenillas<\/strong><\/p><\/blockquote><\/figure>\n\n\n\n<p class=\"has-drop-cap\">La reducci\u00f3n de la jornada laboral semanal de 48 a 40 horas podr\u00eda representar un cambio estructural significativo para la econom\u00eda mexicana, con implicaciones que trascienden las modificaciones constitucionales, impactando la productividad total de los factores, el empleo, las inversiones en capital humano y f\u00edsico, as\u00ed como la composici\u00f3n sectorial de la fuerza laboral.<br><\/p>\n\n\n\n<p>Esta reforma se alinea con la aspiraci\u00f3n de la Organizaci\u00f3n Internacional del Trabajo (OIT) de promover una jornada laboral humana y sostenible, en concordancia con el precepto de Trabajo Decente. Aunque desde 1919 la OIT estableci\u00f3 un m\u00e1ximo de 48 horas semanales, ya desde 1935 con el Convenio n.\u00ba 47 y posteriormente en la recomendaci\u00f3n 116 de 1962, la jornada de 40 horas se ha planteado como una meta clave para el progreso social y bienestar de los trabajadores.<br><\/p>\n\n\n\n<p>En este sentido, se argumenta que reducir la jornada laboral podr\u00eda aumentar la productividad al disminuir la fatiga, los errores, el ausentismo y los conflictos laborales y familiares, favoreciendo trabajadores m\u00e1s saludables y menores costos asociados a la salud. Adicionalmente, jornadas laborales m\u00e1s reducidas pueden mantener o incluso incrementar la productividad, al favorecer una mayor eficiencia y concentraci\u00f3n durante las horas de trabajo. Esto coincide con lo se\u00f1alado por la OCDE, que indica que los pa\u00edses m\u00e1s productivos suelen registrar menos horas laborales semanales.<br><\/p>\n\n\n\n<p>No obstante, existen riesgos potenciales para M\u00e9xico derivados de problem\u00e1ticas estructurales del mercado laboral, principalmente la alta informalidad y la heterogeneidad en las horas trabajadas. De acuerdo con la Encuesta Nacional de Ocupaci\u00f3n y Empleo del primer trimestre del 2025 actualmente, 61.4% de los asalariados formales y 55.4% de los informales trabajan m\u00e1s de 40 horas semanales, por lo que podr\u00edan verse afectados por la reforma. Incluso 24.7% del total de asalariados labora m\u00e1s de 48 horas superando el marco legal vigente. Por otro lado, 35.7% de los trabajadores informales y 15.1% de los formales trabajan menos de 40 horas semanales. Esta diversidad sugiere que los efectos de la reforma no ser\u00edan homog\u00e9neos, lo que podr\u00eda llevar a que m\u00e1s trabajadores laboren fuera del marco legal.<br><\/p>\n\n\n\n<p>En este contexto, \u00bfla tecnolog\u00eda y particularmente la inteligencia artificial (IA) podr\u00edan desempe\u00f1ar un rol clave? La IA est\u00e1 transformando sustancialmente la forma de trabajar al incrementar la productividad, automatizando tareas repetitivas, optimizando procesos organizacionales y acelerando actividades intelectuales.<br><\/p>\n\n\n\n<p>Esto permitir\u00eda que jornadas laborales m\u00e1s cortas mantengan o incluso superen los niveles previos de producci\u00f3n. Por ejemplo, en Europa se estima que una adopci\u00f3n estrat\u00e9gica de la IA podr\u00eda aumentar la productividad en un 3% a 7% acumulado en diez a\u00f1os, mientras que en Jap\u00f3n se proyecta un aumento del 0.6% en la productividad laboral, especialmente entre trabajadores altamente calificados.<br><\/p>\n\n\n\n<p>En el caso de M\u00e9xico, los resultados preliminares del Censo Econ\u00f3mico 2024 del INEGI muestran importantes brechas en la adopci\u00f3n tecnol\u00f3gica, incluida la inteligencia artificial (IA). Apenas 22.3% de las microempresas emplea equipos de c\u00f3mputo y solo 20.4% utiliza tecnolog\u00edas digitales. Esta adopci\u00f3n incompleta tambi\u00e9n se observa en las PyMEs, donde el uso de tecnolog\u00edas digitales alcanza 78.6%, frente al 89.3% en las grandes empresas. En cuanto a herramientas avanzadas como el an\u00e1lisis de datos masivos, \u00fanicamente 3.8% de las microempresas las utiliza, en contraste con el 37.2% de las PyMEs y 60% de las grandes empresas. La brecha es a\u00fan mayor en el caso de la IA: solo el 0.1% de las microempresas, 7.4% de las PyMEs y apenas el 17.0% de las grandes empresas la emplean.<br><\/p>\n\n\n\n<p>Ante este panorama, es crucial fomentar inversiones orientadas a reducir estas brechas tecnol\u00f3gicas lo cual podr\u00eda facilitar una transici\u00f3n hacia jornadas laborales m\u00e1s eficientes, incrementando as\u00ed la productividad de la econom\u00eda e impulsar el crecimiento potencial de la econom\u00eda mexicana en el mediano y largo plazo.<\/p>\n","protected":false},"excerpt":{"rendered":"<p>Por: David Cervantes Arenillas La reducci\u00f3n de la jornada laboral semanal de 48 a 40 horas podr\u00eda representar un cambio estructural significativo para la econom\u00eda mexicana, con implicaciones que trascienden las modificaciones constitucionales, impactando la productividad total de los factores, el empleo, las inversiones en capital humano y f\u00edsico, as\u00ed como la composici\u00f3n sectorial de [&hellip;]<\/p>\n","protected":false},"author":1,"featured_media":87479,"comment_status":"closed","ping_status":"closed","sticky":false,"template":"","format":"standard","meta":{"footnotes":""},"categories":[32],"tags":[],"class_list":["post-87478","post","type-post","status-publish","format-standard","has-post-thumbnail","hentry","category-editorial"],"_links":{"self":[{"href":"https:\/\/elinformante.mx\/index.php?rest_route=\/wp\/v2\/posts\/87478","targetHints":{"allow":["GET"]}}],"collection":[{"href":"https:\/\/elinformante.mx\/index.php?rest_route=\/wp\/v2\/posts"}],"about":[{"href":"https:\/\/elinformante.mx\/index.php?rest_route=\/wp\/v2\/types\/post"}],"author":[{"embeddable":true,"href":"https:\/\/elinformante.mx\/index.php?rest_route=\/wp\/v2\/users\/1"}],"replies":[{"embeddable":true,"href":"https:\/\/elinformante.mx\/index.php?rest_route=%2Fwp%2Fv2%2Fcomments&post=87478"}],"version-history":[{"count":0,"href":"https:\/\/elinformante.mx\/index.php?rest_route=\/wp\/v2\/posts\/87478\/revisions"}],"wp:featuredmedia":[{"embeddable":true,"href":"https:\/\/elinformante.mx\/index.php?rest_route=\/wp\/v2\/media\/87479"}],"wp:attachment":[{"href":"https:\/\/elinformante.mx\/index.php?rest_route=%2Fwp%2Fv2%2Fmedia&parent=87478"}],"wp:term":[{"taxonomy":"category","embeddable":true,"href":"https:\/\/elinformante.mx\/index.php?rest_route=%2Fwp%2Fv2%2Fcategories&post=87478"},{"taxonomy":"post_tag","embeddable":true,"href":"https:\/\/elinformante.mx\/index.php?rest_route=%2Fwp%2Fv2%2Ftags&post=87478"}],"curies":[{"name":"wp","href":"https:\/\/api.w.org\/{rel}","templated":true}]}}