{"id":87484,"date":"2025-07-04T06:45:55","date_gmt":"2025-07-04T12:45:55","guid":{"rendered":"https:\/\/elinformante.mx\/?p=87484"},"modified":"2025-07-07T04:40:24","modified_gmt":"2025-07-07T10:40:24","slug":"se-fortalecera-la-industria-farmaceutica-en-mexico-con-inversion-de-10-mil-mdp-sheinbaum","status":"publish","type":"post","link":"https:\/\/elinformante.mx\/?p=87484","title":{"rendered":"SE FORTALECER\u00c1 LA INDUSTRIA FARMAC\u00c9UTICA EN M\u00c9XICO CON INVERSI\u00d3N DE 10 MIL MDP: SHEINBAUM"},"content":{"rendered":"\n<figure class=\"wp-block-pullquote\"><blockquote><p>-El objetivo es fortalecer la econom\u00eda del pa\u00eds y la producci\u00f3n nacional frente a situaciones de riesgo<br>-Laboratorios Kener invertir\u00e1 5180 mdp; Genbio ser\u00e1n 4 mil mdp; Alpharma BioGenTec har\u00e1 una inversi\u00f3n inicial de 800 mdp y Neolsym invertir\u00e1 500 mdp.<\/p><\/blockquote><\/figure>\n\n\n\n<p class=\"has-drop-cap\">Como parte del Plan M\u00e9xico, el Gobierno de M\u00e9xico, a trav\u00e9s de las secretar\u00edas de Econom\u00eda y de Salud, se anunci\u00f3 una inversi\u00f3n de 10 mil 480 millones de pesos (mdp) por parte de las empresas mexicanas Kener, que destinar\u00e1 5180 mdp; Genbio, 4 mil mdp, Alpharma BioGenTec, 800 mdp; y Neolsym, 500 mdp, con el objetivo de fortalecer la industria farmac\u00e9utica en el pa\u00eds.<br><\/p>\n\n\n\n<figure class=\"wp-block-image size-large\"><img fetchpriority=\"high\" decoding=\"async\" width=\"1024\" height=\"506\" src=\"https:\/\/elinformante.mx\/wp-content\/uploads\/2025\/07\/9claudia-2-1-1024x506.jpg\" alt=\"\" class=\"wp-image-87486\" srcset=\"https:\/\/elinformante.mx\/wp-content\/uploads\/2025\/07\/9claudia-2-1-1024x506.jpg 1024w, https:\/\/elinformante.mx\/wp-content\/uploads\/2025\/07\/9claudia-2-1-300x148.jpg 300w, https:\/\/elinformante.mx\/wp-content\/uploads\/2025\/07\/9claudia-2-1-768x379.jpg 768w, https:\/\/elinformante.mx\/wp-content\/uploads\/2025\/07\/9claudia-2-1.jpg 1140w\" sizes=\"(max-width: 1024px) 100vw, 1024px\" \/><\/figure>\n\n\n\n<p>La Presidenta Claudia Sheinbaum Pardo destac\u00f3 que lo que se busca es alcanzar la soberan\u00eda en materia farmac\u00e9utica para que M\u00e9xico pueda hacerle frente a situaciones de vulnerabilidad como lo fue la pandemia por Covid-19, adem\u00e1s de que con el impulso a este sector tambi\u00e9n se fortalece la econom\u00eda nacional.<br><\/p>\n\n\n\n<p>Puntualiz\u00f3 que uno de los objetivos es que haya innovaci\u00f3n en M\u00e9xico y esta sea utilizada para los medicamentos de las mexicanas y los mexicanos. Tambi\u00e9n, record\u00f3 que el Plan M\u00e9xico, es una estrategia para producir m\u00e1s en el pa\u00eds para el mercado interno, pero tambi\u00e9n para la exportaci\u00f3n.<br><\/p>\n\n\n\n<figure class=\"wp-block-image size-large\"><img decoding=\"async\" width=\"1024\" height=\"506\" src=\"https:\/\/elinformante.mx\/wp-content\/uploads\/2025\/07\/9claudia-4-1-1024x506.jpg\" alt=\"\" class=\"wp-image-87487\" srcset=\"https:\/\/elinformante.mx\/wp-content\/uploads\/2025\/07\/9claudia-4-1-1024x506.jpg 1024w, https:\/\/elinformante.mx\/wp-content\/uploads\/2025\/07\/9claudia-4-1-300x148.jpg 300w, https:\/\/elinformante.mx\/wp-content\/uploads\/2025\/07\/9claudia-4-1-768x379.jpg 768w, https:\/\/elinformante.mx\/wp-content\/uploads\/2025\/07\/9claudia-4-1.jpg 1140w\" sizes=\"(max-width: 1024px) 100vw, 1024px\" \/><\/figure>\n\n\n\n<p>El secretario de Econom\u00eda, Marcelo Ebrard Casaub\u00f3n, se\u00f1al\u00f3 que el campo farmac\u00e9utico es muy importante para M\u00e9xico, ya que se necesita incrementar la autosuficiencia en medicamentos, adem\u00e1s de que se proyecta que es el campo econ\u00f3mico que puede crecer con m\u00e1s rapidez en el pa\u00eds. Adem\u00e1s, resalt\u00f3 que esta inversi\u00f3n se suma al portafolio de m\u00e1s de 200 mil millones de d\u00f3lares (mdd).<br><\/p>\n\n\n\n<p>El secretario de salud, David Kershenobich Stalnikowitz, precis\u00f3 que estas inversiones incentivan el bienestar, la salud, fomentan el desarrollo de biotecnolog\u00eda, las investigaciones y desarrollo de productos originales en M\u00e9xico.<br><\/p>\n\n\n\n<figure class=\"wp-block-image size-large\"><img decoding=\"async\" width=\"1024\" height=\"506\" src=\"https:\/\/elinformante.mx\/wp-content\/uploads\/2025\/07\/9claudia-3-1-1024x506.jpg\" alt=\"\" class=\"wp-image-87488\" srcset=\"https:\/\/elinformante.mx\/wp-content\/uploads\/2025\/07\/9claudia-3-1-1024x506.jpg 1024w, https:\/\/elinformante.mx\/wp-content\/uploads\/2025\/07\/9claudia-3-1-300x148.jpg 300w, https:\/\/elinformante.mx\/wp-content\/uploads\/2025\/07\/9claudia-3-1-768x379.jpg 768w, https:\/\/elinformante.mx\/wp-content\/uploads\/2025\/07\/9claudia-3-1.jpg 1140w\" sizes=\"(max-width: 1024px) 100vw, 1024px\" \/><\/figure>\n\n\n\n<p>El CEO y m\u00e1nager general de Laboratorios Kener, Federico Prince Laris, explic\u00f3 que la inversi\u00f3n de 5180 mdp se destinar\u00e1 a la expansi\u00f3n de su planta de inyectables y triplicar su capacidad instalada, la cual se apertura en febrero 2027; adem\u00e1s se contempla la creaci\u00f3n de un centro de mezclas, servicios integrales de anestesia, para la producci\u00f3n de Car-T Cells y nuevos registros sanitarios, con ello generar\u00e1n 800 empleos directos y 2 mil indirectos.<br><\/p>\n\n\n\n<p>El director general de Genbio, Jos\u00e9 Miguel Ramos Rodr\u00edguez, detall\u00f3 que los 4 mil mdp se invertir\u00e1n en la instalaci\u00f3n y operaci\u00f3n de la primera planta de fraccionamiento de plasma en Am\u00e9rica Latina, que generar\u00e1 100 empleos especializados.<br><\/p>\n\n\n\n<figure class=\"wp-block-image size-large\"><img loading=\"lazy\" decoding=\"async\" width=\"1024\" height=\"506\" src=\"https:\/\/elinformante.mx\/wp-content\/uploads\/2025\/07\/9claudia-5-1024x506.jpg\" alt=\"\" class=\"wp-image-87489\" srcset=\"https:\/\/elinformante.mx\/wp-content\/uploads\/2025\/07\/9claudia-5-1024x506.jpg 1024w, https:\/\/elinformante.mx\/wp-content\/uploads\/2025\/07\/9claudia-5-300x148.jpg 300w, https:\/\/elinformante.mx\/wp-content\/uploads\/2025\/07\/9claudia-5-768x379.jpg 768w, https:\/\/elinformante.mx\/wp-content\/uploads\/2025\/07\/9claudia-5.jpg 1140w\" sizes=\"(max-width: 1024px) 100vw, 1024px\" \/><\/figure>\n\n\n\n<p>La directora general de Grupo Neolpharma, Luz Astrea Ocampo Guti\u00e9rrez de Velasco, precis\u00f3 que, Alpharma BioGenTec, destinar\u00e1 una inversi\u00f3n inicial de 800 mdp para la construcci\u00f3n de infraestructura y desarrollo de biof\u00e1rmacos, medicamentos biotecnol\u00f3gicos y vacunas, as\u00ed como para la coordinaci\u00f3n con universidades para el desarrollo tecnol\u00f3gico; se crear\u00e1n 110 empleos directos y 310 empleos indirectos.<br><\/p>\n\n\n\n<p>El vicepresidente de innovaci\u00f3n Grupo Neolpharma, Diego Antonio Ocampo Guti\u00e9rrez de Velasco, anunci\u00f3 que de parte de Neolsym se realizar\u00e1 una inversi\u00f3n de 500 mdp para la fabricaci\u00f3n de materias primas e insumos que forman parte de los medicamentos, creando 120 empleos directos y 500 indirectos.<\/p>\n","protected":false},"excerpt":{"rendered":"<p>-El objetivo es fortalecer la econom\u00eda del pa\u00eds y la producci\u00f3n nacional frente a situaciones de riesgo-Laboratorios Kener invertir\u00e1 5180 mdp; Genbio ser\u00e1n 4 mil mdp; Alpharma BioGenTec har\u00e1 una inversi\u00f3n inicial de 800 mdp y Neolsym invertir\u00e1 500 mdp. Como parte del Plan M\u00e9xico, el Gobierno de M\u00e9xico, a trav\u00e9s de las secretar\u00edas de [&hellip;]<\/p>\n","protected":false},"author":1,"featured_media":87485,"comment_status":"closed","ping_status":"closed","sticky":false,"template":"","format":"standard","meta":{"footnotes":""},"categories":[30,34,31],"tags":[47],"class_list":["post-87484","post","type-post","status-publish","format-standard","has-post-thumbnail","hentry","category-destacado","category-nacional","category-portada","tag-portadanacional"],"_links":{"self":[{"href":"https:\/\/elinformante.mx\/index.php?rest_route=\/wp\/v2\/posts\/87484","targetHints":{"allow":["GET"]}}],"collection":[{"href":"https:\/\/elinformante.mx\/index.php?rest_route=\/wp\/v2\/posts"}],"about":[{"href":"https:\/\/elinformante.mx\/index.php?rest_route=\/wp\/v2\/types\/post"}],"author":[{"embeddable":true,"href":"https:\/\/elinformante.mx\/index.php?rest_route=\/wp\/v2\/users\/1"}],"replies":[{"embeddable":true,"href":"https:\/\/elinformante.mx\/index.php?rest_route=%2Fwp%2Fv2%2Fcomments&post=87484"}],"version-history":[{"count":0,"href":"https:\/\/elinformante.mx\/index.php?rest_route=\/wp\/v2\/posts\/87484\/revisions"}],"wp:featuredmedia":[{"embeddable":true,"href":"https:\/\/elinformante.mx\/index.php?rest_route=\/wp\/v2\/media\/87485"}],"wp:attachment":[{"href":"https:\/\/elinformante.mx\/index.php?rest_route=%2Fwp%2Fv2%2Fmedia&parent=87484"}],"wp:term":[{"taxonomy":"category","embeddable":true,"href":"https:\/\/elinformante.mx\/index.php?rest_route=%2Fwp%2Fv2%2Fcategories&post=87484"},{"taxonomy":"post_tag","embeddable":true,"href":"https:\/\/elinformante.mx\/index.php?rest_route=%2Fwp%2Fv2%2Ftags&post=87484"}],"curies":[{"name":"wp","href":"https:\/\/api.w.org\/{rel}","templated":true}]}}