{"id":87616,"date":"2025-07-08T06:03:24","date_gmt":"2025-07-08T12:03:24","guid":{"rendered":"https:\/\/elinformante.mx\/?p=87616"},"modified":"2025-07-08T06:03:28","modified_gmt":"2025-07-08T12:03:28","slug":"fallece-tony-rodriguez-boxeador-mexicano-tras-pelear-en-arizona","status":"publish","type":"post","link":"https:\/\/elinformante.mx\/?p=87616","title":{"rendered":"Fallece \u201cTony\u201d Rodr\u00edguez, boxeador mexicano, tras pelear en Arizona"},"content":{"rendered":"\n<figure class=\"wp-block-pullquote\"><blockquote><p>Esta noticia ha generado conmoci\u00f3n entre la afici\u00f3n y en el entorno box\u00edstico nacional.<\/p><\/blockquote><\/figure>\n\n\n\n<p class=\"has-drop-cap\">El boxeo mexicano ha sido sacudido por una tr\u00e1gica noticia. Se dio a conocer que este fin de semana perdi\u00f3 la vida el pugilista mexicano Pedro Antonio \u201cTony\u201d Rodr\u00edguez, qui\u00e9n fuera originario de G\u00f3mez Palacio, Durango.<br><\/p>\n\n\n\n<p>El boxeador fue encontrado sin vida en su habitaci\u00f3n de hotel en Phoenix, Arizona, tras haber participado en una pelea la noche del s\u00e1bado.<br><\/p>\n\n\n\n<p>\u201cTony\u201d, como era conocido en el mundo box\u00edstico, durante el fin de semana hab\u00eda cumplido con su compromiso profesional en una funci\u00f3n celebrada en territorio estadounidense. Informaron en los reportes preliminares, que el joven pugilista ten\u00eda planes de cenar con otros colegas despu\u00e9s de la velada, pero nunca baj\u00f3 de su habitaci\u00f3n.<br><\/p>\n\n\n\n<p>Fue hasta la ma\u00f1ana del domingo, cuando al llegar el transporte que llevar\u00eda a los boxeadores al aeropuerto, que notaron su ausencia y preocupados por su falta de respuesta, acudieron los miembros del personal del hotel a su cuarto, donde tristemente lo encontraron sin signos vitales.<br><\/p>\n\n\n\n<p>Hasta el momento, las causas del fallecimiento no han sido esclarecidas, y las autoridades locales han iniciado una investigaci\u00f3n para determinar lo ocurrido.<br><\/p>\n\n\n\n<p>\u201cTony\u201d tambi\u00e9n trabajaba como camillero en el Instituto Mexicano del Seguro Social (IMSS), lo que lo hac\u00eda una figura muy querida tanto dentro como fuera del ring. En redes sociales, familiares, amigos y miembros de la comunidad deportiva han expresado mensajes de dolor, apoyo y solidaridad hacia sus seres queridos.<br><\/p>\n\n\n\n<p>Esta noticia ha generado conmoci\u00f3n entre la afici\u00f3n y en el entorno box\u00edstico nacional, que recuerda a Tony Rodr\u00edguez como un peleador disciplinado, entregado y con profundo amor por su profesi\u00f3n. Su muerte representa una p\u00e9rdida irreparable para el deporte mexicano y para su comunidad en la Comarca Lagunera.<\/p>\n","protected":false},"excerpt":{"rendered":"<p>Esta noticia ha generado conmoci\u00f3n entre la afici\u00f3n y en el entorno box\u00edstico nacional. El boxeo mexicano ha sido sacudido por una tr\u00e1gica noticia. Se dio a conocer que este fin de semana perdi\u00f3 la vida el pugilista mexicano Pedro Antonio \u201cTony\u201d Rodr\u00edguez, qui\u00e9n fuera originario de G\u00f3mez Palacio, Durango. El boxeador fue encontrado sin [&hellip;]<\/p>\n","protected":false},"author":1,"featured_media":87617,"comment_status":"closed","ping_status":"closed","sticky":false,"template":"","format":"standard","meta":{"footnotes":""},"categories":[38,30],"tags":[],"class_list":["post-87616","post","type-post","status-publish","format-standard","has-post-thumbnail","hentry","category-deportes","category-destacado"],"_links":{"self":[{"href":"https:\/\/elinformante.mx\/index.php?rest_route=\/wp\/v2\/posts\/87616","targetHints":{"allow":["GET"]}}],"collection":[{"href":"https:\/\/elinformante.mx\/index.php?rest_route=\/wp\/v2\/posts"}],"about":[{"href":"https:\/\/elinformante.mx\/index.php?rest_route=\/wp\/v2\/types\/post"}],"author":[{"embeddable":true,"href":"https:\/\/elinformante.mx\/index.php?rest_route=\/wp\/v2\/users\/1"}],"replies":[{"embeddable":true,"href":"https:\/\/elinformante.mx\/index.php?rest_route=%2Fwp%2Fv2%2Fcomments&post=87616"}],"version-history":[{"count":0,"href":"https:\/\/elinformante.mx\/index.php?rest_route=\/wp\/v2\/posts\/87616\/revisions"}],"wp:featuredmedia":[{"embeddable":true,"href":"https:\/\/elinformante.mx\/index.php?rest_route=\/wp\/v2\/media\/87617"}],"wp:attachment":[{"href":"https:\/\/elinformante.mx\/index.php?rest_route=%2Fwp%2Fv2%2Fmedia&parent=87616"}],"wp:term":[{"taxonomy":"category","embeddable":true,"href":"https:\/\/elinformante.mx\/index.php?rest_route=%2Fwp%2Fv2%2Fcategories&post=87616"},{"taxonomy":"post_tag","embeddable":true,"href":"https:\/\/elinformante.mx\/index.php?rest_route=%2Fwp%2Fv2%2Ftags&post=87616"}],"curies":[{"name":"wp","href":"https:\/\/api.w.org\/{rel}","templated":true}]}}