{"id":87622,"date":"2025-07-08T06:06:56","date_gmt":"2025-07-08T12:06:56","guid":{"rendered":"https:\/\/elinformante.mx\/?p=87622"},"modified":"2025-07-08T06:06:57","modified_gmt":"2025-07-08T12:06:57","slug":"firman-adolfo-solis-y-seiem-convenio-para-impulsar-preparatoria-abierta","status":"publish","type":"post","link":"https:\/\/elinformante.mx\/?p=87622","title":{"rendered":"Firman Adolfo Sol\u00eds y SEIEM convenio para impulsar preparatoria abierta"},"content":{"rendered":"\n<figure class=\"wp-block-pullquote\"><blockquote><p>Adem\u00e1s se\u00f1alaron que no existir\u00e1 cobro por inscripci\u00f3n, ni tr\u00e1mites de documentos.<\/p><\/blockquote><\/figure>\n\n\n\n<p class=\"has-drop-cap\">El alcalde de Almoloya de Ju\u00e1rez, Adolfo Sol\u00eds G\u00f3mez, firm\u00f3 un acuerdo con autoridades de los Servicios Educativos Integrados al Estado de M\u00e9xico (SEIEM) para implementar el sistema de preparatoria abierta en el municipio.<br><\/p>\n\n\n\n<p>Junto con el Jefe del Departamento de Preparatoria Abierta Valle de Toluca del SEIEM, V\u00edctor Garc\u00eda G\u00f3mez, explicaron que el sistema a implementar constar\u00e1 de un plan por asignaturas o un plan modular, con cuotas simb\u00f3licas cada 15 d\u00edas, al presentar ex\u00e1menes.<br><\/p>\n\n\n\n<figure class=\"wp-block-image size-large\"><img fetchpriority=\"high\" decoding=\"async\" width=\"1024\" height=\"506\" src=\"https:\/\/elinformante.mx\/wp-content\/uploads\/2025\/07\/13almo-2-1024x506.jpg\" alt=\"\" class=\"wp-image-87624\" srcset=\"https:\/\/elinformante.mx\/wp-content\/uploads\/2025\/07\/13almo-2-1024x506.jpg 1024w, https:\/\/elinformante.mx\/wp-content\/uploads\/2025\/07\/13almo-2-300x148.jpg 300w, https:\/\/elinformante.mx\/wp-content\/uploads\/2025\/07\/13almo-2-768x379.jpg 768w, https:\/\/elinformante.mx\/wp-content\/uploads\/2025\/07\/13almo-2.jpg 1140w\" sizes=\"(max-width: 1024px) 100vw, 1024px\" \/><\/figure>\n\n\n\n<p>Adem\u00e1s se\u00f1alaron que no existir\u00e1 cobro por inscripci\u00f3n, ni tr\u00e1mites de documentos.<br><\/p>\n\n\n\n<p>Mencionaron que este convenio permitir\u00e1 al Ayuntamiento aumentar el acceso a la educaci\u00f3n media superior a j\u00f3venes y adultos, mientras que el SEIEM certificar\u00e1 los estudios.<br><\/p>\n\n\n\n<p>Junto con el cabildo y las autoridades presentes, durante la firma, tambi\u00e9n se se entregaron certificados a estudiantes de bachillerato de Yebuciv\u00ed y San Francisco Tlalcilalcalpan, ante quienes Adolfo Sol\u00eds destac\u00f3 que este esfuerzo busca evitar la deserci\u00f3n escolar y apoyar a la juventud.<\/p>\n","protected":false},"excerpt":{"rendered":"<p>Adem\u00e1s se\u00f1alaron que no existir\u00e1 cobro por inscripci\u00f3n, ni tr\u00e1mites de documentos. El alcalde de Almoloya de Ju\u00e1rez, Adolfo Sol\u00eds G\u00f3mez, firm\u00f3 un acuerdo con autoridades de los Servicios Educativos Integrados al Estado de M\u00e9xico (SEIEM) para implementar el sistema de preparatoria abierta en el municipio. Junto con el Jefe del Departamento de Preparatoria Abierta [&hellip;]<\/p>\n","protected":false},"author":1,"featured_media":87623,"comment_status":"closed","ping_status":"closed","sticky":false,"template":"","format":"standard","meta":{"footnotes":""},"categories":[1],"tags":[],"class_list":["post-87622","post","type-post","status-publish","format-standard","has-post-thumbnail","hentry","category-sin-categoria"],"_links":{"self":[{"href":"https:\/\/elinformante.mx\/index.php?rest_route=\/wp\/v2\/posts\/87622","targetHints":{"allow":["GET"]}}],"collection":[{"href":"https:\/\/elinformante.mx\/index.php?rest_route=\/wp\/v2\/posts"}],"about":[{"href":"https:\/\/elinformante.mx\/index.php?rest_route=\/wp\/v2\/types\/post"}],"author":[{"embeddable":true,"href":"https:\/\/elinformante.mx\/index.php?rest_route=\/wp\/v2\/users\/1"}],"replies":[{"embeddable":true,"href":"https:\/\/elinformante.mx\/index.php?rest_route=%2Fwp%2Fv2%2Fcomments&post=87622"}],"version-history":[{"count":0,"href":"https:\/\/elinformante.mx\/index.php?rest_route=\/wp\/v2\/posts\/87622\/revisions"}],"wp:featuredmedia":[{"embeddable":true,"href":"https:\/\/elinformante.mx\/index.php?rest_route=\/wp\/v2\/media\/87623"}],"wp:attachment":[{"href":"https:\/\/elinformante.mx\/index.php?rest_route=%2Fwp%2Fv2%2Fmedia&parent=87622"}],"wp:term":[{"taxonomy":"category","embeddable":true,"href":"https:\/\/elinformante.mx\/index.php?rest_route=%2Fwp%2Fv2%2Fcategories&post=87622"},{"taxonomy":"post_tag","embeddable":true,"href":"https:\/\/elinformante.mx\/index.php?rest_route=%2Fwp%2Fv2%2Ftags&post=87622"}],"curies":[{"name":"wp","href":"https:\/\/api.w.org\/{rel}","templated":true}]}}