{"id":87626,"date":"2025-07-08T06:11:23","date_gmt":"2025-07-08T12:11:23","guid":{"rendered":"https:\/\/elinformante.mx\/?p=87626"},"modified":"2025-07-08T06:11:26","modified_gmt":"2025-07-08T12:11:26","slug":"manuel-vilchis-inaugura-nueva-lecheria-del-bienestar-en-la-colonia-morelos","status":"publish","type":"post","link":"https:\/\/elinformante.mx\/?p=87626","title":{"rendered":"Manuel Vilchis inaugura nueva Lecher\u00eda del Bienestar en la Colonia Morelos"},"content":{"rendered":"\n<figure class=\"wp-block-pullquote\"><blockquote><p>Se\u00f1al\u00f3 ante vecinos que esta apertura representa un paso importante para garantizar el acceso a alimentos esenciales.<\/p><\/blockquote><\/figure>\n\n\n\n<p class=\"has-drop-cap\">En Zinacantepec, el alcalde Manuel Vilchis Viveros encabez\u00f3 la apertura de la nueva Lecher\u00eda del Bienestar en la Colonia Morelos, un proyecto que busca acercar productos l\u00e1cteos de calidad a precios accesibles para las familias de la comunidad.<br><\/p>\n\n\n\n<p>Se\u00f1al\u00f3 Vilchis Viver que esta iniciativa forma parte de las acciones de obra p\u00fablica del municipio, orientadas a fortalecer la alimentaci\u00f3n, la econom\u00eda familiar y el desarrollo social.<br><\/p>\n\n\n\n<figure class=\"wp-block-image size-large\"><img fetchpriority=\"high\" decoding=\"async\" width=\"1024\" height=\"506\" src=\"https:\/\/elinformante.mx\/wp-content\/uploads\/2025\/07\/12zina-2-1-1024x506.jpg\" alt=\"\" class=\"wp-image-87628\" srcset=\"https:\/\/elinformante.mx\/wp-content\/uploads\/2025\/07\/12zina-2-1-1024x506.jpg 1024w, https:\/\/elinformante.mx\/wp-content\/uploads\/2025\/07\/12zina-2-1-300x148.jpg 300w, https:\/\/elinformante.mx\/wp-content\/uploads\/2025\/07\/12zina-2-1-768x379.jpg 768w, https:\/\/elinformante.mx\/wp-content\/uploads\/2025\/07\/12zina-2-1.jpg 1140w\" sizes=\"(max-width: 1024px) 100vw, 1024px\" \/><\/figure>\n\n\n\n<p>Mencion\u00f3 que con la apertura de esta lecher\u00eda, decenas de familias zinacantepequenses contar\u00e1n con una opci\u00f3n digna y econ\u00f3mica para mejorar su nutrici\u00f3n diaria, reafirmando el compromiso del gobierno local con el bienestar de sus habitantes.<br><\/p>\n\n\n\n<p>Se\u00f1al\u00f3 ante vecinos que esta apertura representa un paso importante para garantizar el acceso a alimentos esenciales, contribuyendo al progreso social y a la calidad de vida en la regi\u00f3n.<\/p>\n","protected":false},"excerpt":{"rendered":"<p>Se\u00f1al\u00f3 ante vecinos que esta apertura representa un paso importante para garantizar el acceso a alimentos esenciales. En Zinacantepec, el alcalde Manuel Vilchis Viveros encabez\u00f3 la apertura de la nueva Lecher\u00eda del Bienestar en la Colonia Morelos, un proyecto que busca acercar productos l\u00e1cteos de calidad a precios accesibles para las familias de la comunidad. [&hellip;]<\/p>\n","protected":false},"author":1,"featured_media":87627,"comment_status":"closed","ping_status":"closed","sticky":false,"template":"","format":"standard","meta":{"footnotes":""},"categories":[36],"tags":[],"class_list":["post-87626","post","type-post","status-publish","format-standard","has-post-thumbnail","hentry","category-edomex"],"_links":{"self":[{"href":"https:\/\/elinformante.mx\/index.php?rest_route=\/wp\/v2\/posts\/87626","targetHints":{"allow":["GET"]}}],"collection":[{"href":"https:\/\/elinformante.mx\/index.php?rest_route=\/wp\/v2\/posts"}],"about":[{"href":"https:\/\/elinformante.mx\/index.php?rest_route=\/wp\/v2\/types\/post"}],"author":[{"embeddable":true,"href":"https:\/\/elinformante.mx\/index.php?rest_route=\/wp\/v2\/users\/1"}],"replies":[{"embeddable":true,"href":"https:\/\/elinformante.mx\/index.php?rest_route=%2Fwp%2Fv2%2Fcomments&post=87626"}],"version-history":[{"count":0,"href":"https:\/\/elinformante.mx\/index.php?rest_route=\/wp\/v2\/posts\/87626\/revisions"}],"wp:featuredmedia":[{"embeddable":true,"href":"https:\/\/elinformante.mx\/index.php?rest_route=\/wp\/v2\/media\/87627"}],"wp:attachment":[{"href":"https:\/\/elinformante.mx\/index.php?rest_route=%2Fwp%2Fv2%2Fmedia&parent=87626"}],"wp:term":[{"taxonomy":"category","embeddable":true,"href":"https:\/\/elinformante.mx\/index.php?rest_route=%2Fwp%2Fv2%2Fcategories&post=87626"},{"taxonomy":"post_tag","embeddable":true,"href":"https:\/\/elinformante.mx\/index.php?rest_route=%2Fwp%2Fv2%2Ftags&post=87626"}],"curies":[{"name":"wp","href":"https:\/\/api.w.org\/{rel}","templated":true}]}}