{"id":87634,"date":"2025-07-08T06:16:10","date_gmt":"2025-07-08T12:16:10","guid":{"rendered":"https:\/\/elinformante.mx\/?p=87634"},"modified":"2025-07-08T06:16:13","modified_gmt":"2025-07-08T12:16:13","slug":"fernando-flores-anuncia-nueva-clinica-municipal-de-salud-en-san-miguel-totocuitlapilco","status":"publish","type":"post","link":"https:\/\/elinformante.mx\/?p=87634","title":{"rendered":"Fernando Flores anuncia nueva Cl\u00ednica Municipal de Salud en San Miguel Totocuitlapilco"},"content":{"rendered":"\n<figure class=\"wp-block-pullquote\"><blockquote><p>Hizo entrega de c\u00e1maras de videovigilancia y nuevas patrullas para reforzar la seguridad en toda la zona.<\/p><\/blockquote><\/figure>\n\n\n\n<p class=\"has-drop-cap\">Fernando Flores, el presidente municipal de Metepec, cort\u00f3 el list\u00f3n de apertura de un nuevo comedor comunitario, uno de los cinco que estar\u00e1n operando esta semana; adem\u00e1s se\u00f1al\u00f3 que ya se trabaja en la localizaci\u00f3n del terreno donde se construir\u00e1 el inmueble, en el coraz\u00f3n de este pueblo originario.<br><\/p>\n\n\n\n<p>Junto a esta inauguraci\u00f3n, tambi\u00e9n se anunci\u00f3 que en San Miguel Totocuitlapilco ser\u00e1 sede de la nueva cl\u00ednica de salud municipal, un compromiso que hizo durante su campa\u00f1a y que, asegur\u00f3, beneficiar\u00e1 a habitantes de toda la demarcaci\u00f3n.<br><\/p>\n\n\n\n<figure class=\"wp-block-image size-large\"><img fetchpriority=\"high\" decoding=\"async\" width=\"1024\" height=\"506\" src=\"https:\/\/elinformante.mx\/wp-content\/uploads\/2025\/07\/11metepec-4-1024x506.jpg\" alt=\"\" class=\"wp-image-87636\" srcset=\"https:\/\/elinformante.mx\/wp-content\/uploads\/2025\/07\/11metepec-4-1024x506.jpg 1024w, https:\/\/elinformante.mx\/wp-content\/uploads\/2025\/07\/11metepec-4-300x148.jpg 300w, https:\/\/elinformante.mx\/wp-content\/uploads\/2025\/07\/11metepec-4-768x379.jpg 768w, https:\/\/elinformante.mx\/wp-content\/uploads\/2025\/07\/11metepec-4.jpg 1140w\" sizes=\"(max-width: 1024px) 100vw, 1024px\" \/><\/figure>\n\n\n\n<p>Destac\u00f3 Flores Fern\u00e1ndez que la nueva cl\u00ednica complementar\u00e1 el programa \u201cM\u00e9dico en tu Casa\u201d, en el cual ofrece atenci\u00f3n m\u00e9dica gratuita a domicilio, incluyendo la entrega de hasta 10 medicamentos por consulta, lo que ha permitido acercar servicios de salud a los sectores m\u00e1s vulnerables.<br><\/p>\n\n\n\n<p>Durante su visita a San Miguel Totocuitlapilco, el edil hizo entrega de c\u00e1maras de videovigilancia y nuevas patrullas para reforzar la seguridad en toda la zona. En ese sentido, adelant\u00f3 que en los pr\u00f3ximos d\u00edas comenzar\u00e1 un programa de rehabilitaci\u00f3n del alumbrado p\u00fablico, que contempla la instalaci\u00f3n de m\u00e1s de 5 mil luminarias modernas en todo el municipio.<br><\/p>\n\n\n\n<p>Las autoridades municipales reiteraron su compromiso de continuar con acciones que fortalezcan la seguridad, la infraestructura y los servicios de salud en beneficio de toda la poblaci\u00f3n.<\/p>\n","protected":false},"excerpt":{"rendered":"<p>Hizo entrega de c\u00e1maras de videovigilancia y nuevas patrullas para reforzar la seguridad en toda la zona. Fernando Flores, el presidente municipal de Metepec, cort\u00f3 el list\u00f3n de apertura de un nuevo comedor comunitario, uno de los cinco que estar\u00e1n operando esta semana; adem\u00e1s se\u00f1al\u00f3 que ya se trabaja en la localizaci\u00f3n del terreno donde [&hellip;]<\/p>\n","protected":false},"author":1,"featured_media":87635,"comment_status":"closed","ping_status":"closed","sticky":false,"template":"","format":"standard","meta":{"footnotes":""},"categories":[36],"tags":[],"class_list":["post-87634","post","type-post","status-publish","format-standard","has-post-thumbnail","hentry","category-edomex"],"_links":{"self":[{"href":"https:\/\/elinformante.mx\/index.php?rest_route=\/wp\/v2\/posts\/87634","targetHints":{"allow":["GET"]}}],"collection":[{"href":"https:\/\/elinformante.mx\/index.php?rest_route=\/wp\/v2\/posts"}],"about":[{"href":"https:\/\/elinformante.mx\/index.php?rest_route=\/wp\/v2\/types\/post"}],"author":[{"embeddable":true,"href":"https:\/\/elinformante.mx\/index.php?rest_route=\/wp\/v2\/users\/1"}],"replies":[{"embeddable":true,"href":"https:\/\/elinformante.mx\/index.php?rest_route=%2Fwp%2Fv2%2Fcomments&post=87634"}],"version-history":[{"count":0,"href":"https:\/\/elinformante.mx\/index.php?rest_route=\/wp\/v2\/posts\/87634\/revisions"}],"wp:featuredmedia":[{"embeddable":true,"href":"https:\/\/elinformante.mx\/index.php?rest_route=\/wp\/v2\/media\/87635"}],"wp:attachment":[{"href":"https:\/\/elinformante.mx\/index.php?rest_route=%2Fwp%2Fv2%2Fmedia&parent=87634"}],"wp:term":[{"taxonomy":"category","embeddable":true,"href":"https:\/\/elinformante.mx\/index.php?rest_route=%2Fwp%2Fv2%2Fcategories&post=87634"},{"taxonomy":"post_tag","embeddable":true,"href":"https:\/\/elinformante.mx\/index.php?rest_route=%2Fwp%2Fv2%2Ftags&post=87634"}],"curies":[{"name":"wp","href":"https:\/\/api.w.org\/{rel}","templated":true}]}}