{"id":87658,"date":"2025-07-08T06:51:00","date_gmt":"2025-07-08T12:51:00","guid":{"rendered":"https:\/\/elinformante.mx\/?p=87658"},"modified":"2025-07-08T06:51:03","modified_gmt":"2025-07-08T12:51:03","slug":"en-lerma-se-refuerzan-los-espacios-educativos-ramirez-ponce","status":"publish","type":"post","link":"https:\/\/elinformante.mx\/?p=87658","title":{"rendered":"En Lerma se refuerzan los espacios educativos: Ram\u00edrez Ponce"},"content":{"rendered":"\n<figure class=\"wp-block-pullquote\"><blockquote><p>Se hizo entrega de un arcotecho, adem\u00e1s de iniciar la construcci\u00f3n de otro, distribuy\u00f3 en planteles material impermeabilizante e inaugur\u00f3 una nueva aula de clases.<\/p><\/blockquote><\/figure>\n\n\n\n<p class=\"has-drop-cap\">El presidente municipal de Lerma, Miguel \u00c1ngel Ram\u00edrez Ponce, realiz\u00f3 durante una gira de trabajo por las comunidades de La Unidad y San Lorenzo Huitzizilapan una serie de visitas a instituciones educativas.<br><\/p>\n\n\n\n<figure class=\"wp-block-image size-large\"><img fetchpriority=\"high\" decoding=\"async\" width=\"1024\" height=\"506\" src=\"https:\/\/elinformante.mx\/wp-content\/uploads\/2025\/07\/8LERMA-2-1024x506.jpg\" alt=\"\" class=\"wp-image-87660\" srcset=\"https:\/\/elinformante.mx\/wp-content\/uploads\/2025\/07\/8LERMA-2-1024x506.jpg 1024w, https:\/\/elinformante.mx\/wp-content\/uploads\/2025\/07\/8LERMA-2-300x148.jpg 300w, https:\/\/elinformante.mx\/wp-content\/uploads\/2025\/07\/8LERMA-2-768x379.jpg 768w, https:\/\/elinformante.mx\/wp-content\/uploads\/2025\/07\/8LERMA-2.jpg 1140w\" sizes=\"(max-width: 1024px) 100vw, 1024px\" \/><\/figure>\n\n\n\n<p>Durante su recorrido dio inicio a algunas obras, adem\u00e1s de entregar otras, con la intenci\u00f3n de fortalecer la infraestructura educativa en distintos niveles escolares.<br><\/p>\n\n\n\n<p>Inicio su gira de trabajo con la colocaci\u00f3n de la primera piedra del nuevo arcotecho en la Escuela Primaria \u201cTierra y Libertad\u201d, ubicada en La Unidad Huitzizilapan.<br><\/p>\n\n\n\n<figure class=\"wp-block-image size-large\"><img decoding=\"async\" width=\"1024\" height=\"506\" src=\"https:\/\/elinformante.mx\/wp-content\/uploads\/2025\/07\/8LERMA-3-1024x506.jpg\" alt=\"\" class=\"wp-image-87661\" srcset=\"https:\/\/elinformante.mx\/wp-content\/uploads\/2025\/07\/8LERMA-3-1024x506.jpg 1024w, https:\/\/elinformante.mx\/wp-content\/uploads\/2025\/07\/8LERMA-3-300x148.jpg 300w, https:\/\/elinformante.mx\/wp-content\/uploads\/2025\/07\/8LERMA-3-768x379.jpg 768w, https:\/\/elinformante.mx\/wp-content\/uploads\/2025\/07\/8LERMA-3.jpg 1140w\" sizes=\"(max-width: 1024px) 100vw, 1024px\" \/><\/figure>\n\n\n\n<p>Esta estructura tendr\u00e1 una superficie de 540 m\u00b2 y beneficiar\u00e1 a 251 estudiantes y 15 docentes para la realizaci\u00f3n de actividades f\u00edsicas y culturales.<br><\/p>\n\n\n\n<p>El director del plantel, Ad\u00e1n De la Cruz Reyes, junto con la comunidad estudiantil agradecieron a Ram\u00edrez Ponce el respaldo dado a la comunidad escolar por parte de las autoridades municipales.<br><\/p>\n\n\n\n<figure class=\"wp-block-image size-large\"><img decoding=\"async\" width=\"1024\" height=\"506\" src=\"https:\/\/elinformante.mx\/wp-content\/uploads\/2025\/07\/8LERMA-4-1024x506.jpg\" alt=\"\" class=\"wp-image-87662\" srcset=\"https:\/\/elinformante.mx\/wp-content\/uploads\/2025\/07\/8LERMA-4-1024x506.jpg 1024w, https:\/\/elinformante.mx\/wp-content\/uploads\/2025\/07\/8LERMA-4-300x148.jpg 300w, https:\/\/elinformante.mx\/wp-content\/uploads\/2025\/07\/8LERMA-4-768x379.jpg 768w, https:\/\/elinformante.mx\/wp-content\/uploads\/2025\/07\/8LERMA-4.jpg 1140w\" sizes=\"(max-width: 1024px) 100vw, 1024px\" \/><figcaption class=\"wp-element-caption\">default<\/figcaption><\/figure>\n\n\n\n<p>Contin\u00faa su gira de trabajo, ahora visitando la Escuela Secundaria Oficial N. 0482 \u201cMiguel Hidalgo\u201d, en donde hizo la entrega oficial de un arcotecho, adem\u00e1s de entregar material impermeabilizante para contribuir al mejoramiento de la infraestructura del plantel.<br><\/p>\n\n\n\n<p>Poco despu\u00e9s Ram\u00edrez Ponce se traslad\u00f3 para concluir su gira de trabajo a San Lorenzo Huitzizilapan. En esta localidad entreg\u00f3 una nueva aula en el Jard\u00edn de Ni\u00f1os \u201cAlfonsina Storni\u201d. En el lugar se\u00f1al\u00f3 que esta obra fortalece los espacios educativos destinados a la primera infancia en la localidad.<\/p>\n","protected":false},"excerpt":{"rendered":"<p>Se hizo entrega de un arcotecho, adem\u00e1s de iniciar la construcci\u00f3n de otro, distribuy\u00f3 en planteles material impermeabilizante e inaugur\u00f3 una nueva aula de clases. El presidente municipal de Lerma, Miguel \u00c1ngel Ram\u00edrez Ponce, realiz\u00f3 durante una gira de trabajo por las comunidades de La Unidad y San Lorenzo Huitzizilapan una serie de visitas a [&hellip;]<\/p>\n","protected":false},"author":1,"featured_media":87659,"comment_status":"closed","ping_status":"closed","sticky":false,"template":"","format":"standard","meta":{"footnotes":""},"categories":[30,36,31],"tags":[46],"class_list":["post-87658","post","type-post","status-publish","format-standard","has-post-thumbnail","hentry","category-destacado","category-edomex","category-portada","tag-portadaedomex"],"_links":{"self":[{"href":"https:\/\/elinformante.mx\/index.php?rest_route=\/wp\/v2\/posts\/87658","targetHints":{"allow":["GET"]}}],"collection":[{"href":"https:\/\/elinformante.mx\/index.php?rest_route=\/wp\/v2\/posts"}],"about":[{"href":"https:\/\/elinformante.mx\/index.php?rest_route=\/wp\/v2\/types\/post"}],"author":[{"embeddable":true,"href":"https:\/\/elinformante.mx\/index.php?rest_route=\/wp\/v2\/users\/1"}],"replies":[{"embeddable":true,"href":"https:\/\/elinformante.mx\/index.php?rest_route=%2Fwp%2Fv2%2Fcomments&post=87658"}],"version-history":[{"count":0,"href":"https:\/\/elinformante.mx\/index.php?rest_route=\/wp\/v2\/posts\/87658\/revisions"}],"wp:featuredmedia":[{"embeddable":true,"href":"https:\/\/elinformante.mx\/index.php?rest_route=\/wp\/v2\/media\/87659"}],"wp:attachment":[{"href":"https:\/\/elinformante.mx\/index.php?rest_route=%2Fwp%2Fv2%2Fmedia&parent=87658"}],"wp:term":[{"taxonomy":"category","embeddable":true,"href":"https:\/\/elinformante.mx\/index.php?rest_route=%2Fwp%2Fv2%2Fcategories&post=87658"},{"taxonomy":"post_tag","embeddable":true,"href":"https:\/\/elinformante.mx\/index.php?rest_route=%2Fwp%2Fv2%2Ftags&post=87658"}],"curies":[{"name":"wp","href":"https:\/\/api.w.org\/{rel}","templated":true}]}}