{"id":87685,"date":"2025-07-08T07:22:34","date_gmt":"2025-07-08T13:22:34","guid":{"rendered":"https:\/\/elinformante.mx\/?p=87685"},"modified":"2025-07-08T07:22:36","modified_gmt":"2025-07-08T13:22:36","slug":"mara-lezama-y-concanaco-fortalecen-alianza-por-el-desarrollo-economico-turistico-y-cultural-de-quintana-roo","status":"publish","type":"post","link":"https:\/\/elinformante.mx\/?p=87685","title":{"rendered":"Mara Lezama y CONCANACO fortalecen alianza por el desarrollo econ\u00f3mico, tur\u00edstico y cultural de Quintana Roo"},"content":{"rendered":"\n<figure class=\"wp-block-pullquote\"><blockquote><p>-Durante una reuni\u00f3n en la que participaron consejeros nacionales y presidentes de c\u00e1maras locales, se revisaron temas para fortalecer el desarrollo de Quintana Roo<\/p><\/blockquote><\/figure>\n\n\n\n<p class=\"has-drop-cap\">La gobernadora Mara Lezama Espinosa y el presidente de la CONCANACO Servytur M\u00e9xico, Octavio de la Torre de St\u00e9ffano, encabezaron una reuni\u00f3n de trabajo en donde la Confederaci\u00f3n present\u00f3 su Plan Nacional y abordar temas clave para fortalecer el comercio, los servicios y el turismo en Quintana Roo.<br><\/p>\n\n\n\n<p>En este marco, el sector empresarial entreg\u00f3 a Mara Lezama el \u201cGalard\u00f3n M\u00e9xico muy Mexicano\u201d en reconocimiento a su compromiso con la promoci\u00f3n de la identidad mexicana, su autenticidad y su contribuci\u00f3n al fortalecimiento de la econom\u00eda en Quintana Roo.<br><\/p>\n\n\n\n<p>La campa\u00f1a \u201cM\u00e9xico muy Mexicano\u201d es una iniciativa de la C\u00e1mara Nacional de Comercio, Servicios y Turismo (CANACO) para fortalecer el mercado interno y resaltar el orgullo por la cultura y el esp\u00edritu empresarial mexicano.<br><\/p>\n\n\n\n<p>Durante la reuni\u00f3n de trabajo, la gobernadora Mara Lezama hizo una amplia exposici\u00f3n de los programas y acciones que se desarrollan en Quintana Roo desde el inicio de la administraci\u00f3n, para el bienestar de las y los quintanarroenses, con base en un Nuevo Acuerdo por el Bienestar y Desarrollo que genere prosperidad compartida y en el que nadie se quede fuera, ni nadie se quede atr\u00e1s.<br><\/p>\n\n\n\n<p>La titular del Ejecutivo subray\u00f3 que Quintana Roo es motor del turismo nacional e internacional y \u201ceste gobierno diferente, humanista con coraz\u00f3n feminista, impulsa un modelo de desarrollo con rostro humano, que priorice la justicia social y el bienestar colectivo\u201d.<br><\/p>\n\n\n\n<p>Reconoci\u00f3 al sector empresarial como un aliado estrat\u00e9gico en esta visi\u00f3n transformadora y agradeci\u00f3 a CONCANACO Servytur por su respaldo permanente a los negocios locales, la formalidad y la capacitaci\u00f3n empresarial, pilares fundamentales del crecimiento econ\u00f3mico sostenible.<br><\/p>\n\n\n\n<p>Las y los empresarios presentes, entre consejeros, consejeras, presidentes, vicepresidentes federales y locales, agradecieron a la Gobernadora por el apoyo y el trabajo en conjunto que realizan con la Secretar\u00eda de Desarrollo Econ\u00f3mico del Estado, encabezado por Paul Carrillo de C\u00e1ceres.<br><\/p>\n\n\n\n<p>Participaron las representaciones de las CANACO Servytur de Chetumal, Canc\u00fan y Playa del Carmen.<br><\/p>\n\n\n\n<p>Por el Gobierno del Estado estuvieron el jefe de la Oficina de la Gobernadora, Jos\u00e9 de la Pe\u00f1a Ruiz de Ch\u00e1vez; la secretaria de Finanzas y Planeaci\u00f3n, Martha Parroqu\u00edn; el secretario de Turismo, Bernardo Cueto Riestra; el titular de SEMA, \u00d3scar R\u00e9bora Aguilera; la encargada de la Secretar\u00eda del Trabajo y Previsi\u00f3n Social, Ver\u00f3nica Salinas Mozo y H\u00e9ctor Contreras Mercader, director del Servicio de Administraci\u00f3n Tributaria de Quintana Roo (SATQ)<\/p>\n","protected":false},"excerpt":{"rendered":"<p>-Durante una reuni\u00f3n en la que participaron consejeros nacionales y presidentes de c\u00e1maras locales, se revisaron temas para fortalecer el desarrollo de Quintana Roo La gobernadora Mara Lezama Espinosa y el presidente de la CONCANACO Servytur M\u00e9xico, Octavio de la Torre de St\u00e9ffano, encabezaron una reuni\u00f3n de trabajo en donde la Confederaci\u00f3n present\u00f3 su Plan [&hellip;]<\/p>\n","protected":false},"author":1,"featured_media":87686,"comment_status":"closed","ping_status":"closed","sticky":false,"template":"","format":"standard","meta":{"footnotes":""},"categories":[30,34],"tags":[],"class_list":["post-87685","post","type-post","status-publish","format-standard","has-post-thumbnail","hentry","category-destacado","category-nacional"],"_links":{"self":[{"href":"https:\/\/elinformante.mx\/index.php?rest_route=\/wp\/v2\/posts\/87685","targetHints":{"allow":["GET"]}}],"collection":[{"href":"https:\/\/elinformante.mx\/index.php?rest_route=\/wp\/v2\/posts"}],"about":[{"href":"https:\/\/elinformante.mx\/index.php?rest_route=\/wp\/v2\/types\/post"}],"author":[{"embeddable":true,"href":"https:\/\/elinformante.mx\/index.php?rest_route=\/wp\/v2\/users\/1"}],"replies":[{"embeddable":true,"href":"https:\/\/elinformante.mx\/index.php?rest_route=%2Fwp%2Fv2%2Fcomments&post=87685"}],"version-history":[{"count":0,"href":"https:\/\/elinformante.mx\/index.php?rest_route=\/wp\/v2\/posts\/87685\/revisions"}],"wp:featuredmedia":[{"embeddable":true,"href":"https:\/\/elinformante.mx\/index.php?rest_route=\/wp\/v2\/media\/87686"}],"wp:attachment":[{"href":"https:\/\/elinformante.mx\/index.php?rest_route=%2Fwp%2Fv2%2Fmedia&parent=87685"}],"wp:term":[{"taxonomy":"category","embeddable":true,"href":"https:\/\/elinformante.mx\/index.php?rest_route=%2Fwp%2Fv2%2Fcategories&post=87685"},{"taxonomy":"post_tag","embeddable":true,"href":"https:\/\/elinformante.mx\/index.php?rest_route=%2Fwp%2Fv2%2Ftags&post=87685"}],"curies":[{"name":"wp","href":"https:\/\/api.w.org\/{rel}","templated":true}]}}