{"id":87815,"date":"2025-07-10T06:04:53","date_gmt":"2025-07-10T12:04:53","guid":{"rendered":"https:\/\/elinformante.mx\/?p=87815"},"modified":"2025-07-10T06:04:55","modified_gmt":"2025-07-10T12:04:55","slug":"angela-aguilar-presume-abdomen-en-nuevo-video-con-marc-anthony","status":"publish","type":"post","link":"https:\/\/elinformante.mx\/?p=87815","title":{"rendered":"\u00c1ngela Aguilar presume abdomen en nuevo video con Marc Anthony"},"content":{"rendered":"\n<figure class=\"wp-block-pullquote\"><blockquote><p>\u00c1ngela retorn\u00f3 al look de cabello corto, imagen que ha utilizado a lo largo de su carrera art\u00edstica.<\/p><\/blockquote><\/figure>\n\n\n\n<p class=\"has-drop-cap\">La cantante de m\u00fasica mexicana, \u00c1ngela Aguilar, se quit\u00f3 las extensiones y presume su abdomen de gimnasio en la promoci\u00f3n de su nuevo tema junto a Marc Anthony, titulado \u201cNo quiero hablar\u201d, donde la cantante de 21 a\u00f1os dio a conocer un adelanto del video en sus redes sociales, donde luce una imagen diferente a la que hab\u00eda mostrado en la promoci\u00f3n del resto de su disco \u201cNadie se va como lleg\u00f3\u201d.<br><\/p>\n\n\n\n<p>\u00c1ngela retorn\u00f3 al look de cabello corto, imagen que ha utilizado a lo largo de su carrera art\u00edstica, desde ni\u00f1a su caracter\u00edstico cabello corto ha sido un sello de la nieta de Flor Silvestre.<br><\/p>\n\n\n\n<p>Hace unos d\u00edas \u00c1ngela, quien est\u00e1 por cumplir su primer a\u00f1o de casada con Christian Nodal, presumi\u00f3 los resultados del gimnasio, un abdomen plano y ejercitado, el cual luce en el video lanzado hace unas horas en YouTube.<br><\/p>\n\n\n\n<figure class=\"wp-block-image size-large\"><img fetchpriority=\"high\" decoding=\"async\" width=\"1024\" height=\"506\" src=\"https:\/\/elinformante.mx\/wp-content\/uploads\/2025\/07\/15angela-1024x506.jpg\" alt=\"\" class=\"wp-image-87817\" srcset=\"https:\/\/elinformante.mx\/wp-content\/uploads\/2025\/07\/15angela-1024x506.jpg 1024w, https:\/\/elinformante.mx\/wp-content\/uploads\/2025\/07\/15angela-300x148.jpg 300w, https:\/\/elinformante.mx\/wp-content\/uploads\/2025\/07\/15angela-768x379.jpg 768w, https:\/\/elinformante.mx\/wp-content\/uploads\/2025\/07\/15angela.jpg 1140w\" sizes=\"(max-width: 1024px) 100vw, 1024px\" \/><\/figure>\n\n\n\n<p>Marc Anthony y Nadia Ferreira, esposa de Marc, son amigos cercanos a \u00c1ngela y Christian Nodal, quienes seg\u00fan la propia cantante no tienen muchos amigos; en una entrega de los Premios Grammy, las dos parejas posaron juntos en la alfombra roja, adem\u00e1s, Marc y su esposa fueron parte de los invitados especiales de la boda de Christian y \u00c1ngela en julio de 2024.<br><\/p>\n\n\n\n<p>\u00c1ngela Aguilar anunci\u00f3 su nueva gira \u201cLibre coraz\u00f3n 2025\u201d en Estados Unidos, la cual estar\u00e1 acompa\u00f1ada de mariachi e ir\u00e1 dirigida a toda la familia.<br><\/p>\n\n\n\n<p>La cantante mexico-americana precis\u00f3 que parte de las ganancias de esta gira ser\u00e1 destinada a apoyar a comunidades migrantes en Estados Unidos que enfrentan injusticias todos los d\u00edas.<br><\/p>\n\n\n\n<p>La int\u00e9rprete de regional mexicano se dijo lista para reencontrarse con su p\u00fablico en los escenarios, y agradeci\u00f3 a sus fans que la hayan dejado crecer.<\/p>\n","protected":false},"excerpt":{"rendered":"<p>\u00c1ngela retorn\u00f3 al look de cabello corto, imagen que ha utilizado a lo largo de su carrera art\u00edstica. La cantante de m\u00fasica mexicana, \u00c1ngela Aguilar, se quit\u00f3 las extensiones y presume su abdomen de gimnasio en la promoci\u00f3n de su nuevo tema junto a Marc Anthony, titulado \u201cNo quiero hablar\u201d, donde la cantante de 21 [&hellip;]<\/p>\n","protected":false},"author":1,"featured_media":87816,"comment_status":"closed","ping_status":"closed","sticky":false,"template":"","format":"standard","meta":{"footnotes":""},"categories":[30,39],"tags":[],"class_list":["post-87815","post","type-post","status-publish","format-standard","has-post-thumbnail","hentry","category-destacado","category-espectaculos"],"_links":{"self":[{"href":"https:\/\/elinformante.mx\/index.php?rest_route=\/wp\/v2\/posts\/87815","targetHints":{"allow":["GET"]}}],"collection":[{"href":"https:\/\/elinformante.mx\/index.php?rest_route=\/wp\/v2\/posts"}],"about":[{"href":"https:\/\/elinformante.mx\/index.php?rest_route=\/wp\/v2\/types\/post"}],"author":[{"embeddable":true,"href":"https:\/\/elinformante.mx\/index.php?rest_route=\/wp\/v2\/users\/1"}],"replies":[{"embeddable":true,"href":"https:\/\/elinformante.mx\/index.php?rest_route=%2Fwp%2Fv2%2Fcomments&post=87815"}],"version-history":[{"count":0,"href":"https:\/\/elinformante.mx\/index.php?rest_route=\/wp\/v2\/posts\/87815\/revisions"}],"wp:featuredmedia":[{"embeddable":true,"href":"https:\/\/elinformante.mx\/index.php?rest_route=\/wp\/v2\/media\/87816"}],"wp:attachment":[{"href":"https:\/\/elinformante.mx\/index.php?rest_route=%2Fwp%2Fv2%2Fmedia&parent=87815"}],"wp:term":[{"taxonomy":"category","embeddable":true,"href":"https:\/\/elinformante.mx\/index.php?rest_route=%2Fwp%2Fv2%2Fcategories&post=87815"},{"taxonomy":"post_tag","embeddable":true,"href":"https:\/\/elinformante.mx\/index.php?rest_route=%2Fwp%2Fv2%2Ftags&post=87815"}],"curies":[{"name":"wp","href":"https:\/\/api.w.org\/{rel}","templated":true}]}}