{"id":87819,"date":"2025-07-10T06:07:07","date_gmt":"2025-07-10T12:07:07","guid":{"rendered":"https:\/\/elinformante.mx\/?p=87819"},"modified":"2025-07-10T06:07:09","modified_gmt":"2025-07-10T12:07:09","slug":"christian-horner-le-dice-adios-a-red-bull","status":"publish","type":"post","link":"https:\/\/elinformante.mx\/?p=87819","title":{"rendered":"Christian Horner le dice adi\u00f3s a Red Bull"},"content":{"rendered":"\n<figure class=\"wp-block-pullquote\"><blockquote><p>Para sustituir al ingl\u00e9s, Red Bull eligi\u00f3 al franc\u00e9s Laurent Mekies.<\/p><\/blockquote><\/figure>\n\n\n\n<p class=\"has-drop-cap\">Red Bull sorprendi\u00f3 a todos al confirmar el fin de la era de Christian Horner, el ahora exjefe de la escuder\u00eda austriaca rompi\u00f3 el silencio sobre su despido, situaci\u00f3n que asegur\u00f3 \u201cfue un shock\u201d.<br><\/p>\n\n\n\n<p>En el discurso que dio Horner y que fue compartido y retransmitido por Sky Sports, el brit\u00e1nico dio detalles de c\u00f3mo fue que se enter\u00f3 de que ya no estar\u00eda al frente del equipo de la F\u00f3rmula 1, el cual vive una temporada de pesadilla.<br><\/p>\n\n\n\n<p>\u201cAyer fui informado por Red Bull de que, operativamente, ya no estar\u00e9 involucrado con el negocio o el equipo a partir de despu\u00e9s de esta reuni\u00f3n\u201d, dijo.<br><\/p>\n\n\n\n<p>El exjefe del equipo detall\u00f3 que seguir\u00e1 siendo parte de la n\u00f3mina de la empresa, aunque no revel\u00f3 el papel que ahora desempe\u00f1ar\u00e1, aunque se mostr\u00f3 muy agradecido por los 20 a\u00f1os que estuvo en el equipo.<br><\/p>\n\n\n\n<p>\u201cQuer\u00eda ponerme delante de todos ustedes para darles la noticia y expresar mi gratitud a todos y cada uno de los miembros del equipo que han dado tanto durante los \u00faltimos 20 a\u00f1os y medio que he estado aqu\u00ed. Cuando llegu\u00e9 hace 20 a\u00f1os, con algunas canas menos, entr\u00e9 en el equipo, no sab\u00eda qu\u00e9 esperar, pero me acogieron inmediatamente. Y a partir de dos edificios en ruinas, empezamos a construir lo que se convirti\u00f3 en una potencia de la F\u00f3rmula 1. Ver y formar parte de este equipo ha sido el mayor privilegio de mi vida\u201d, dijo.<br><\/p>\n\n\n\n<p>Horner deja una huella indeleble en Red Bull, donde se forj\u00f3 en dos d\u00e9cadas uno de los mejores palmar\u00e9s de la F1 con 8 t\u00edtulos Mundiales de pilotos, de los que 4 fueron para el alem\u00e1n Sebastian Vettel (2010-2013) y 4 para Max Verstappen (2021-2024), y 6 de constructores (2010-2013, 2022-23), para un total de 124 victorias en Grandes Premios, 107 poles y 287 podios.<br><\/p>\n\n\n\n<p>Para sustituir al ingl\u00e9s, Red Bull eligi\u00f3 al franc\u00e9s Laurent Mekies, que estaba al frente de la escuder\u00eda Racing Bulls desde comienzos de 2024 luego de haber pasado por Ferrari (2018-2023).<\/p>\n","protected":false},"excerpt":{"rendered":"<p>Para sustituir al ingl\u00e9s, Red Bull eligi\u00f3 al franc\u00e9s Laurent Mekies. Red Bull sorprendi\u00f3 a todos al confirmar el fin de la era de Christian Horner, el ahora exjefe de la escuder\u00eda austriaca rompi\u00f3 el silencio sobre su despido, situaci\u00f3n que asegur\u00f3 \u201cfue un shock\u201d. En el discurso que dio Horner y que fue compartido [&hellip;]<\/p>\n","protected":false},"author":1,"featured_media":87820,"comment_status":"closed","ping_status":"closed","sticky":false,"template":"","format":"standard","meta":{"footnotes":""},"categories":[38],"tags":[],"class_list":["post-87819","post","type-post","status-publish","format-standard","has-post-thumbnail","hentry","category-deportes"],"_links":{"self":[{"href":"https:\/\/elinformante.mx\/index.php?rest_route=\/wp\/v2\/posts\/87819","targetHints":{"allow":["GET"]}}],"collection":[{"href":"https:\/\/elinformante.mx\/index.php?rest_route=\/wp\/v2\/posts"}],"about":[{"href":"https:\/\/elinformante.mx\/index.php?rest_route=\/wp\/v2\/types\/post"}],"author":[{"embeddable":true,"href":"https:\/\/elinformante.mx\/index.php?rest_route=\/wp\/v2\/users\/1"}],"replies":[{"embeddable":true,"href":"https:\/\/elinformante.mx\/index.php?rest_route=%2Fwp%2Fv2%2Fcomments&post=87819"}],"version-history":[{"count":0,"href":"https:\/\/elinformante.mx\/index.php?rest_route=\/wp\/v2\/posts\/87819\/revisions"}],"wp:featuredmedia":[{"embeddable":true,"href":"https:\/\/elinformante.mx\/index.php?rest_route=\/wp\/v2\/media\/87820"}],"wp:attachment":[{"href":"https:\/\/elinformante.mx\/index.php?rest_route=%2Fwp%2Fv2%2Fmedia&parent=87819"}],"wp:term":[{"taxonomy":"category","embeddable":true,"href":"https:\/\/elinformante.mx\/index.php?rest_route=%2Fwp%2Fv2%2Fcategories&post=87819"},{"taxonomy":"post_tag","embeddable":true,"href":"https:\/\/elinformante.mx\/index.php?rest_route=%2Fwp%2Fv2%2Ftags&post=87819"}],"curies":[{"name":"wp","href":"https:\/\/api.w.org\/{rel}","templated":true}]}}