{"id":87825,"date":"2025-07-10T06:11:25","date_gmt":"2025-07-10T12:11:25","guid":{"rendered":"https:\/\/elinformante.mx\/?p=87825"},"modified":"2025-07-10T06:11:26","modified_gmt":"2025-07-10T12:11:26","slug":"entrega-isaac-montoya-segunda-etapa-de-la-rehabilitacion-de-la-avenida-minas-palacio-en-naucalpan","status":"publish","type":"post","link":"https:\/\/elinformante.mx\/?p=87825","title":{"rendered":"Entrega Isaac Montoya segunda etapa de la rehabilitaci\u00f3n de la Avenida Minas Palacio en Naucalpan"},"content":{"rendered":"\n<figure class=\"wp-block-pullquote\"><blockquote><p>Se\u00f1al\u00f3 que esta rehabilitaci\u00f3n se realiz\u00f3 tras estar m\u00e1s de 60 a\u00f1os en total abandono.<\/p><\/blockquote><\/figure>\n\n\n\n<p class=\"has-drop-cap\">El presidente municipal de Naucalpan, Isaac Montoya M\u00e1rquez, encabez\u00f3 la ceremonia de entrega de la segunda etapa de la rehabilitaci\u00f3n con concreto hidr\u00e1ulico de la Av. Minas Palacio, esto en el tramo comprendido entre calle Geranio y calle San Marcos.<br><\/p>\n\n\n\n<p>Durante la entrega, Montoya M\u00e1rquez se\u00f1al\u00f3 que esta rehabilitaci\u00f3n se realiz\u00f3 tras estar m\u00e1s de 60 a\u00f1os en total abandono, y que ahora la importante vialidad comienza a recuperar su funcionalidad.<br><\/p>\n\n\n\n<p>Inform\u00f3 que durante los trabajos de rehabilitaci\u00f3n se sustituyeron 2.6 kil\u00f3metros de carpeta asf\u00e1ltica por concreto hidr\u00e1ulico y se instal\u00f3 alumbrado p\u00fablico moderno.<br><\/p>\n\n\n\n<figure class=\"wp-block-image size-large\"><img fetchpriority=\"high\" decoding=\"async\" width=\"1024\" height=\"506\" src=\"https:\/\/elinformante.mx\/wp-content\/uploads\/2025\/07\/13naucalpan-3-1-1024x506.jpg\" alt=\"\" class=\"wp-image-87827\" srcset=\"https:\/\/elinformante.mx\/wp-content\/uploads\/2025\/07\/13naucalpan-3-1-1024x506.jpg 1024w, https:\/\/elinformante.mx\/wp-content\/uploads\/2025\/07\/13naucalpan-3-1-300x148.jpg 300w, https:\/\/elinformante.mx\/wp-content\/uploads\/2025\/07\/13naucalpan-3-1-768x379.jpg 768w, https:\/\/elinformante.mx\/wp-content\/uploads\/2025\/07\/13naucalpan-3-1.jpg 1140w\" sizes=\"(max-width: 1024px) 100vw, 1024px\" \/><\/figure>\n\n\n\n<p>Mencion\u00f3 que dentro de las mejoras a la vialidad, se incluyeron la capacitaci\u00f3n del terreno, adem\u00e1s de la reparaci\u00f3n de descargas sanitarias y tomas domiciliarias.<br><\/p>\n\n\n\n<p>Tambi\u00e9n se llevaron a cabo trabajos de renivelaci\u00f3n de pozos de visita, registros y coladeras. Sumado a lo anterior se hizo la colocaci\u00f3n de concreto hidr\u00e1ulico, junto con la colocaci\u00f3n del se\u00f1alamiento horizontal y vertical y se finaliz\u00f3 con la instalaci\u00f3n de luminarias cada 25 metros a lo largo de la vialidad.<br><\/p>\n\n\n\n<p>Montoya M\u00e1rquez se\u00f1al\u00f3 que esta obra beneficiar\u00e1 directamente a m\u00e1s de 240 mil habitantes de por lo menos 10 colonias, adem\u00e1s de que fortalecer\u00e1 la conectividad del municipio, y sobre todo se reducir\u00e1n tiempos de traslado y mejoramiento de la seguridad vial.<br><\/p>\n\n\n\n<p>Durante el recorrido, Isaac Montoya destac\u00f3 que en menos de un a\u00f1o, Naucalpan est\u00e1 viviendo una transformaci\u00f3n real, gracias a la inversi\u00f3n de 700 millones de pesos en obra p\u00fablica. Adem\u00e1s de esta vialidad, se avanza en la rehabilitaci\u00f3n de calles, mercados, puentes y espacios p\u00fablicos.<\/p>\n","protected":false},"excerpt":{"rendered":"<p>Se\u00f1al\u00f3 que esta rehabilitaci\u00f3n se realiz\u00f3 tras estar m\u00e1s de 60 a\u00f1os en total abandono. El presidente municipal de Naucalpan, Isaac Montoya M\u00e1rquez, encabez\u00f3 la ceremonia de entrega de la segunda etapa de la rehabilitaci\u00f3n con concreto hidr\u00e1ulico de la Av. Minas Palacio, esto en el tramo comprendido entre calle Geranio y calle San Marcos. [&hellip;]<\/p>\n","protected":false},"author":1,"featured_media":87826,"comment_status":"closed","ping_status":"closed","sticky":false,"template":"","format":"standard","meta":{"footnotes":""},"categories":[36],"tags":[],"class_list":["post-87825","post","type-post","status-publish","format-standard","has-post-thumbnail","hentry","category-edomex"],"_links":{"self":[{"href":"https:\/\/elinformante.mx\/index.php?rest_route=\/wp\/v2\/posts\/87825","targetHints":{"allow":["GET"]}}],"collection":[{"href":"https:\/\/elinformante.mx\/index.php?rest_route=\/wp\/v2\/posts"}],"about":[{"href":"https:\/\/elinformante.mx\/index.php?rest_route=\/wp\/v2\/types\/post"}],"author":[{"embeddable":true,"href":"https:\/\/elinformante.mx\/index.php?rest_route=\/wp\/v2\/users\/1"}],"replies":[{"embeddable":true,"href":"https:\/\/elinformante.mx\/index.php?rest_route=%2Fwp%2Fv2%2Fcomments&post=87825"}],"version-history":[{"count":0,"href":"https:\/\/elinformante.mx\/index.php?rest_route=\/wp\/v2\/posts\/87825\/revisions"}],"wp:featuredmedia":[{"embeddable":true,"href":"https:\/\/elinformante.mx\/index.php?rest_route=\/wp\/v2\/media\/87826"}],"wp:attachment":[{"href":"https:\/\/elinformante.mx\/index.php?rest_route=%2Fwp%2Fv2%2Fmedia&parent=87825"}],"wp:term":[{"taxonomy":"category","embeddable":true,"href":"https:\/\/elinformante.mx\/index.php?rest_route=%2Fwp%2Fv2%2Fcategories&post=87825"},{"taxonomy":"post_tag","embeddable":true,"href":"https:\/\/elinformante.mx\/index.php?rest_route=%2Fwp%2Fv2%2Ftags&post=87825"}],"curies":[{"name":"wp","href":"https:\/\/api.w.org\/{rel}","templated":true}]}}