{"id":87829,"date":"2025-07-10T06:13:36","date_gmt":"2025-07-10T12:13:36","guid":{"rendered":"https:\/\/elinformante.mx\/?p=87829"},"modified":"2025-07-10T06:13:40","modified_gmt":"2025-07-10T12:13:40","slug":"gobierno-de-lerma-conalep-y-smayds-promueven-programa-un-dia-sin-bolsa-de-plastico","status":"publish","type":"post","link":"https:\/\/elinformante.mx\/?p=87829","title":{"rendered":"Gobierno de Lerma, Conalep y SMAyDS promueven programa \u201cUn D\u00eda Sin Bolsa de Pl\u00e1stico\u201d"},"content":{"rendered":"\n<figure class=\"wp-block-pullquote\"><blockquote><p>Realizaron actividades recreativas y talleres en el CONALEP Lerma con la participaci\u00f3n de 450 personas.<\/p><\/blockquote><\/figure>\n\n\n\n<p class=\"has-drop-cap\">Con la participaci\u00f3n de 450 estudiantes, personal docente y administrativo, la Secretar\u00eda del Medio Ambiente y Desarrollo Sostenible (SMAyDS) del Estado de M\u00e9xico efectu\u00f3 \u201cUn D\u00eda Sin Bolsa de Pl\u00e1stico\u201d en las instalaciones de Colegio Nacional de Educaci\u00f3n Profesional T\u00e9cnica (CONALEP) plantel Lerma.<br><\/p>\n\n\n\n<p>El presidente municipal de Lerma, Miguel \u00c1ngel Ram\u00edrez Ponce, junto con Alhely Rubio Arronis, Titular de la SMAyDS y alumnos del CONALEP plantel Lerma participaron en esta jornada en actividades recreativas y talleres de educaci\u00f3n ambiental; entre ellos, el de supra-reciclaje, en donde se ense\u00f1\u00f3 a transformar playeras rotas, manchadas o en aparente desuso, en bolsas reutilizables.<br><\/p>\n\n\n\n<p>Durante la jornada, con la finalidad de aprender sobre la conservaci\u00f3n de los recursos naturales; les fue presentada la ponencia \u201cMicropl\u00e1sticos en todos lados\u201d a cargo del Doctor Arturo L\u00f3pez M\u00e9rida, Director de la Asociaci\u00f3n Nanosapiens.<br><\/p>\n\n\n\n<figure class=\"wp-block-image size-large\"><img fetchpriority=\"high\" decoding=\"async\" width=\"1024\" height=\"506\" src=\"https:\/\/elinformante.mx\/wp-content\/uploads\/2025\/07\/13lerma-1024x506.jpg\" alt=\"\" class=\"wp-image-87831\" srcset=\"https:\/\/elinformante.mx\/wp-content\/uploads\/2025\/07\/13lerma-1024x506.jpg 1024w, https:\/\/elinformante.mx\/wp-content\/uploads\/2025\/07\/13lerma-300x148.jpg 300w, https:\/\/elinformante.mx\/wp-content\/uploads\/2025\/07\/13lerma-768x379.jpg 768w, https:\/\/elinformante.mx\/wp-content\/uploads\/2025\/07\/13lerma.jpg 1140w\" sizes=\"(max-width: 1024px) 100vw, 1024px\" \/><\/figure>\n\n\n\n<p>Alhely Rubio Arronis, Titular de la SMAyDS, expuso que el objetivo de esta acci\u00f3n es generar conciencia entre la comunidad sobre el impacto ambiental del uso de las bolsas de pl\u00e1stico de un solo uso, as\u00ed como promover pr\u00e1cticas sostenibles por medio de actividades de educaci\u00f3n ambiental que fomenten el uso de alternativas reutilizables.<br><\/p>\n\n\n\n<p>Las autoridades que asistieron al evento, se\u00f1alaron que este tipo de residuos se han convertido en un grave problema ambiental, ya que, por su alta producci\u00f3n, el corto tiempo de uso y su lenta degradaci\u00f3n de hasta 500 a\u00f1os, permanecen en los ecosistemas alterando, contaminando y generando un peligro para las especies que los habitan.<br><\/p>\n\n\n\n<p>Rubio Arronis se\u00f1al\u00f3 que los pl\u00e1sticos de un solo uso m\u00e1s comunes son las bolsas de supermercado; empaques de alimentos y bebidas; popotes, y desechables como cubiertos, platos y vasos.<br><\/p>\n\n\n\n<p>Vilchis Viveros invit\u00f3 a las y los asistentes a tomar conciencia sobre el tema, modificar sus h\u00e1bitos de consumo y disponer adecuadamente de sus residuos, para contribuir con el cuidado y protecci\u00f3n del medio ambiente.<\/p>\n","protected":false},"excerpt":{"rendered":"<p>Realizaron actividades recreativas y talleres en el CONALEP Lerma con la participaci\u00f3n de 450 personas. Con la participaci\u00f3n de 450 estudiantes, personal docente y administrativo, la Secretar\u00eda del Medio Ambiente y Desarrollo Sostenible (SMAyDS) del Estado de M\u00e9xico efectu\u00f3 \u201cUn D\u00eda Sin Bolsa de Pl\u00e1stico\u201d en las instalaciones de Colegio Nacional de Educaci\u00f3n Profesional T\u00e9cnica [&hellip;]<\/p>\n","protected":false},"author":1,"featured_media":87830,"comment_status":"closed","ping_status":"closed","sticky":false,"template":"","format":"standard","meta":{"footnotes":""},"categories":[30,36],"tags":[],"class_list":["post-87829","post","type-post","status-publish","format-standard","has-post-thumbnail","hentry","category-destacado","category-edomex"],"_links":{"self":[{"href":"https:\/\/elinformante.mx\/index.php?rest_route=\/wp\/v2\/posts\/87829","targetHints":{"allow":["GET"]}}],"collection":[{"href":"https:\/\/elinformante.mx\/index.php?rest_route=\/wp\/v2\/posts"}],"about":[{"href":"https:\/\/elinformante.mx\/index.php?rest_route=\/wp\/v2\/types\/post"}],"author":[{"embeddable":true,"href":"https:\/\/elinformante.mx\/index.php?rest_route=\/wp\/v2\/users\/1"}],"replies":[{"embeddable":true,"href":"https:\/\/elinformante.mx\/index.php?rest_route=%2Fwp%2Fv2%2Fcomments&post=87829"}],"version-history":[{"count":0,"href":"https:\/\/elinformante.mx\/index.php?rest_route=\/wp\/v2\/posts\/87829\/revisions"}],"wp:featuredmedia":[{"embeddable":true,"href":"https:\/\/elinformante.mx\/index.php?rest_route=\/wp\/v2\/media\/87830"}],"wp:attachment":[{"href":"https:\/\/elinformante.mx\/index.php?rest_route=%2Fwp%2Fv2%2Fmedia&parent=87829"}],"wp:term":[{"taxonomy":"category","embeddable":true,"href":"https:\/\/elinformante.mx\/index.php?rest_route=%2Fwp%2Fv2%2Fcategories&post=87829"},{"taxonomy":"post_tag","embeddable":true,"href":"https:\/\/elinformante.mx\/index.php?rest_route=%2Fwp%2Fv2%2Ftags&post=87829"}],"curies":[{"name":"wp","href":"https:\/\/api.w.org\/{rel}","templated":true}]}}