{"id":87833,"date":"2025-07-10T06:18:34","date_gmt":"2025-07-10T12:18:34","guid":{"rendered":"https:\/\/elinformante.mx\/?p=87833"},"modified":"2025-07-10T06:18:35","modified_gmt":"2025-07-10T12:18:35","slug":"instala-ana-muniz-neyra-el-comite-de-prevencion-y-control-del-crecimiento-urbano-en-san-mateo-atenco","status":"publish","type":"post","link":"https:\/\/elinformante.mx\/?p=87833","title":{"rendered":"Instala Ana Mu\u00f1iz Neyra el Comit\u00e9 de Prevenci\u00f3n y Control del Crecimiento Urbano en San Mateo Atenco"},"content":{"rendered":"\n<figure class=\"wp-block-pullquote\"><blockquote><p>Se\u00f1al\u00f3 que este trabajo que se est\u00e1 realizando desde el gobierno de San Mateo Atenco responde con acciones las promesas que hizo con la poblaci\u00f3n del municipio.<\/p><\/blockquote><\/figure>\n\n\n\n<p class=\"has-drop-cap\">La presidenta municipal de San Mateo Atenco, Ana Mu\u00f1iz Neyra, instal\u00f3 el Comit\u00e9 Municipal de Prevenci\u00f3n y Control del Crecimiento Urbano, con la finalidad de tener un desarrollo urbano ordenado.<br><\/p>\n\n\n\n<p>Este es la primera sesi\u00f3n de este comit\u00e9, el cual tiene el firme prop\u00f3sito de ofrecer seguridad jur\u00eddica a aquellas propiedades aptas de ser reconocidas y al mismo tiempo contener el crecimiento de zonas irregulares.<br><\/p>\n\n\n\n<figure class=\"wp-block-image size-large\"><img fetchpriority=\"high\" decoding=\"async\" width=\"1024\" height=\"506\" src=\"https:\/\/elinformante.mx\/wp-content\/uploads\/2025\/07\/12mateo-2-1-1024x506.jpg\" alt=\"\" class=\"wp-image-87835\" srcset=\"https:\/\/elinformante.mx\/wp-content\/uploads\/2025\/07\/12mateo-2-1-1024x506.jpg 1024w, https:\/\/elinformante.mx\/wp-content\/uploads\/2025\/07\/12mateo-2-1-300x148.jpg 300w, https:\/\/elinformante.mx\/wp-content\/uploads\/2025\/07\/12mateo-2-1-768x379.jpg 768w, https:\/\/elinformante.mx\/wp-content\/uploads\/2025\/07\/12mateo-2-1.jpg 1140w\" sizes=\"(max-width: 1024px) 100vw, 1024px\" \/><\/figure>\n\n\n\n<p>Mu\u00f1iz Neyra se\u00f1al\u00f3 que con este mecanismo se beneficiar\u00e1 a decenas de familias atenquenses para obtener la documentaci\u00f3n necesaria que les permita regularizar sus predios y asegurar su patrimonio.<br><\/p>\n\n\n\n<p>Se\u00f1al\u00f3 que este trabajo que se est\u00e1 realizando desde el gobierno de San Mateo Atenco responde con acciones las promesas que hizo con la poblaci\u00f3n del municipio, a quienes reiter\u00f3 seguir\u00e1 trabajando para lograr hacer de la demarcaci\u00f3n un lugar digno y feliz para vivir.<br><\/p>\n\n\n\n<p>Y se\u00f1al\u00f3 que el compromiso de trabajar unidos con el Instituto Mexiquense de la Vivienda Social para evitar que la marcha urbana siga asent\u00e1ndose en zonas consideradas de alto riesgo.<\/p>\n","protected":false},"excerpt":{"rendered":"<p>Se\u00f1al\u00f3 que este trabajo que se est\u00e1 realizando desde el gobierno de San Mateo Atenco responde con acciones las promesas que hizo con la poblaci\u00f3n del municipio. La presidenta municipal de San Mateo Atenco, Ana Mu\u00f1iz Neyra, instal\u00f3 el Comit\u00e9 Municipal de Prevenci\u00f3n y Control del Crecimiento Urbano, con la finalidad de tener un desarrollo [&hellip;]<\/p>\n","protected":false},"author":1,"featured_media":87834,"comment_status":"closed","ping_status":"closed","sticky":false,"template":"","format":"standard","meta":{"footnotes":""},"categories":[36],"tags":[],"class_list":["post-87833","post","type-post","status-publish","format-standard","has-post-thumbnail","hentry","category-edomex"],"_links":{"self":[{"href":"https:\/\/elinformante.mx\/index.php?rest_route=\/wp\/v2\/posts\/87833","targetHints":{"allow":["GET"]}}],"collection":[{"href":"https:\/\/elinformante.mx\/index.php?rest_route=\/wp\/v2\/posts"}],"about":[{"href":"https:\/\/elinformante.mx\/index.php?rest_route=\/wp\/v2\/types\/post"}],"author":[{"embeddable":true,"href":"https:\/\/elinformante.mx\/index.php?rest_route=\/wp\/v2\/users\/1"}],"replies":[{"embeddable":true,"href":"https:\/\/elinformante.mx\/index.php?rest_route=%2Fwp%2Fv2%2Fcomments&post=87833"}],"version-history":[{"count":0,"href":"https:\/\/elinformante.mx\/index.php?rest_route=\/wp\/v2\/posts\/87833\/revisions"}],"wp:featuredmedia":[{"embeddable":true,"href":"https:\/\/elinformante.mx\/index.php?rest_route=\/wp\/v2\/media\/87834"}],"wp:attachment":[{"href":"https:\/\/elinformante.mx\/index.php?rest_route=%2Fwp%2Fv2%2Fmedia&parent=87833"}],"wp:term":[{"taxonomy":"category","embeddable":true,"href":"https:\/\/elinformante.mx\/index.php?rest_route=%2Fwp%2Fv2%2Fcategories&post=87833"},{"taxonomy":"post_tag","embeddable":true,"href":"https:\/\/elinformante.mx\/index.php?rest_route=%2Fwp%2Fv2%2Ftags&post=87833"}],"curies":[{"name":"wp","href":"https:\/\/api.w.org\/{rel}","templated":true}]}}