{"id":87852,"date":"2025-07-10T06:39:55","date_gmt":"2025-07-10T12:39:55","guid":{"rendered":"https:\/\/elinformante.mx\/?p=87852"},"modified":"2025-07-10T06:39:58","modified_gmt":"2025-07-10T12:39:58","slug":"invita-la-uaemex-a-disfrutar-de-obras-de-teatro-en-este-verano-en-el-recinto-los-jaguares","status":"publish","type":"post","link":"https:\/\/elinformante.mx\/?p=87852","title":{"rendered":"Invita la UAEM\u00e9x a disfrutar de obras de teatro en este verano en el recinto \u201cLos Jaguares\u201d"},"content":{"rendered":"\n<figure class=\"wp-block-pullquote\"><blockquote><p>Se podr\u00e1 disfrutar de las tres puestas en escena del 10 de julio al 31 de agosto.<\/p><\/blockquote><\/figure>\n\n\n\n<p class=\"has-drop-cap\">Inici\u00f3 la 4.\u00aa temporada de Teatro Universitario con 3 obras que exploran la b\u00fasqueda de la felicidad aut\u00e9ntica, los desaf\u00edos de la inclusi\u00f3n y la lucha por la identidad y las implicaciones de la migraci\u00f3n en escenificaciones aptas para p\u00fablico de cualquier edad.<br><\/p>\n\n\n\n<p>El teatro de Los Jaguares de la Universidad Aut\u00f3noma del Estado de M\u00e9xico (UAEM\u00e9x) ser\u00e1 el recinto donde se podr\u00e1 disfrutar de las tres puestas en escena que ver\u00e1n acci\u00f3n del 10 de julio al 31 de agosto, de jueves a domingo.<br><\/p>\n\n\n\n<p>\u201cGeometrix Histories\u201d es una obra de la Compa\u00f1\u00eda Universitaria de la UAEM\u00e9x, es una innovadora puesta en escena que experimenta un lenguaje puramente visual. Los personajes son figuras geom\u00e9tricas que enfrentar\u00e1n los desaf\u00edos de buscar su identidad, as\u00ed como de incluir al otro aceptando sus diferencias.<br><\/p>\n\n\n\n<p>La directora Nayely Hern\u00e1ndez expuso que es un espect\u00e1culo visualmente atractivo en donde no hay palabras. La historia se va contando con sonidos a trav\u00e9s de los personajes que son objetos.<br><\/p>\n\n\n\n<p>Y la obra consiste de dos historias: \u201cun cubito llega al mundo de las esferas donde evidentemente ve que no es como ellos. Esto le entristece un poco; sin embargo, a lo largo de la historia vemos c\u00f3mo un cubo y las esferas se van haciendo amigos.<br><\/p>\n\n\n\n<p>La segunda historia es de un gusanito que quiere ser cirquero; sin embargo no puede hacer algunos trucos. Al final se da cuenta de que tiene un talento escondido\u201d.<br><\/p>\n\n\n\n<p>La obra es catalogada como infantil, pero apta para todo p\u00fablico, se presentar\u00e1 s\u00e1bados y domingos a las 13:00 horas con un costo de 85 pesos para adultos y 65 pesos para ni\u00f1os.<br><\/p>\n\n\n\n<p>Por otra parte, la Valija Teatro presentar\u00e1 \u201cNido\u201d, cuya historia gira en torno a la migraci\u00f3n. Esta se presenta por primera ocasi\u00f3n al p\u00fablico, original de la dramaturga Ang\u00e9lica Hern\u00e1ndez y dirigida por C\u00e9sar Albarr\u00e1n, quien resalt\u00f3 la importancia tem\u00e1tica de la puesta en escena.<br><\/p>\n\n\n\n<p>La narrativa se enfoca en un ni\u00f1o que se queda en su lugar de origen luego de que se van sus padres a buscar una mejor oportunidad econ\u00f3mica. El peque\u00f1o mira desde su consciencia infantil a personajes como los coyotes, quienes se personifican con la m\u00e1scara de este animal, pero son quienes se encargan de trasladar clandestinamente a los migrantes. El recurso para darle atm\u00f3sfera a esta historia es el realismo m\u00e1gico, coment\u00f3 Albarr\u00e1n.<br><\/p>\n\n\n\n<p>La obra est\u00e1 recomendada para adolescentes y adultos; no obstante, puede ser vista por ni\u00f1as y ni\u00f1os con el debido acompa\u00f1amiento de sus padres. Esta se presentar\u00e1 de jueves a s\u00e1bado a las 19:00 horas, y los domingos a las 18:00 horas.<br><\/p>\n\n\n\n<p>Finalmente, \u201cLa Olla\u201d es una adaptaci\u00f3n libre de la comedia hom\u00f3nima original del dramaturgo latino Plauto. Presentada por la compa\u00f1\u00eda Theodomay Teatro, experimenta la incesante b\u00fasqueda de la felicidad aut\u00e9ntica y los placebos que nos hacen creer poseerla.<br><\/p>\n\n\n\n<p>Dirigida por Jorge Arredondo, es una adaptaci\u00f3n libre de Brenda Garc\u00eda D\u00edaz, quien trajo este cl\u00e1sico a un contexto mexicano, situ\u00e1ndose en el norte del pa\u00eds. Esta es una comedia que evidencia, de acuerdo con la adaptadora, \u201cel rid\u00edculo de estas personas que van buscando la riqueza como medio de ser felices; cuando la felicidad se encuentra en otro lugar totalmente distinto. Los medios de producci\u00f3n nos hacen creer que la riqueza y el poder nos van a dar la felicidad\u201d<br><\/p>\n\n\n\n<p>Esta obra se presentar\u00e1 en el mismo recinto de jueves a s\u00e1bado a las 17:00 horas, y los domingos a las 16 horas. Aunque tambi\u00e9n est\u00e1 recomendada para adolescentes y adultos, ni\u00f1as y ni\u00f1os tambi\u00e9n la pueden disfrutar con la supervisi\u00f3n de adultos.<br><\/p>\n\n\n\n<p>Juan Carlos Embriz, director de la Compa\u00f1\u00eda de Teatro de la UAEM\u00e9x, apunt\u00f3 que las funciones tendr\u00e1n una pausa del domingo 20 de julio al jueves 7 de agosto, retomando las funciones de manera normal a partir del viernes 8 de agosto, y hasta el final de la temporada, el 31 de ese mes.<\/p>\n","protected":false},"excerpt":{"rendered":"<p>Se podr\u00e1 disfrutar de las tres puestas en escena del 10 de julio al 31 de agosto. Inici\u00f3 la 4.\u00aa temporada de Teatro Universitario con 3 obras que exploran la b\u00fasqueda de la felicidad aut\u00e9ntica, los desaf\u00edos de la inclusi\u00f3n y la lucha por la identidad y las implicaciones de la migraci\u00f3n en escenificaciones aptas [&hellip;]<\/p>\n","protected":false},"author":1,"featured_media":87853,"comment_status":"closed","ping_status":"closed","sticky":false,"template":"","format":"standard","meta":{"footnotes":""},"categories":[30,36],"tags":[],"class_list":["post-87852","post","type-post","status-publish","format-standard","has-post-thumbnail","hentry","category-destacado","category-edomex"],"_links":{"self":[{"href":"https:\/\/elinformante.mx\/index.php?rest_route=\/wp\/v2\/posts\/87852","targetHints":{"allow":["GET"]}}],"collection":[{"href":"https:\/\/elinformante.mx\/index.php?rest_route=\/wp\/v2\/posts"}],"about":[{"href":"https:\/\/elinformante.mx\/index.php?rest_route=\/wp\/v2\/types\/post"}],"author":[{"embeddable":true,"href":"https:\/\/elinformante.mx\/index.php?rest_route=\/wp\/v2\/users\/1"}],"replies":[{"embeddable":true,"href":"https:\/\/elinformante.mx\/index.php?rest_route=%2Fwp%2Fv2%2Fcomments&post=87852"}],"version-history":[{"count":0,"href":"https:\/\/elinformante.mx\/index.php?rest_route=\/wp\/v2\/posts\/87852\/revisions"}],"wp:featuredmedia":[{"embeddable":true,"href":"https:\/\/elinformante.mx\/index.php?rest_route=\/wp\/v2\/media\/87853"}],"wp:attachment":[{"href":"https:\/\/elinformante.mx\/index.php?rest_route=%2Fwp%2Fv2%2Fmedia&parent=87852"}],"wp:term":[{"taxonomy":"category","embeddable":true,"href":"https:\/\/elinformante.mx\/index.php?rest_route=%2Fwp%2Fv2%2Fcategories&post=87852"},{"taxonomy":"post_tag","embeddable":true,"href":"https:\/\/elinformante.mx\/index.php?rest_route=%2Fwp%2Fv2%2Ftags&post=87852"}],"curies":[{"name":"wp","href":"https:\/\/api.w.org\/{rel}","templated":true}]}}