{"id":87877,"date":"2025-07-10T07:10:32","date_gmt":"2025-07-10T13:10:32","guid":{"rendered":"https:\/\/elinformante.mx\/?p=87877"},"modified":"2025-07-10T07:10:33","modified_gmt":"2025-07-10T13:10:33","slug":"firman-icat-y-corenadr-convenio-para-capacitar-y-certificar-a-combatientes-de-incendios-forestales","status":"publish","type":"post","link":"https:\/\/elinformante.mx\/?p=87877","title":{"rendered":"Firman ICAT y CORENADR convenio para capacitar y certificar a combatientes de incendios forestales"},"content":{"rendered":"\n<figure class=\"wp-block-pullquote\"><blockquote><p>-La alianza busca profesionalizar a 640 brigadistas de la Ciudad de M\u00e9xico<\/p><\/blockquote><\/figure>\n\n\n\n<p class=\"has-drop-cap\">El Instituto de Capacitaci\u00f3n para el Trabajo de la Ciudad de M\u00e9xico (ICAT) firm\u00f3 un convenio de colaboraci\u00f3n con la Comisi\u00f3n de Recursos Naturales y Desarrollo Rural (CORENADR) con el objetivo de capacitar y certificar a 640 combatientes de incendios forestales de la capital.<br><\/p>\n\n\n\n<p>La firma del convenio cont\u00f3 con la presencia de la Secretaria del Medio Ambiente, Julia \u00c1lvarez Icaza Ram\u00edrez, y la Secretaria de Trabajo y Fomento al Empleo, In\u00e9s Gonz\u00e1lez Nicol\u00e1s, quienes fungieron como testigos de honor y coincidieron en la importancia de profesionalizar a quienes desempe\u00f1an labores fundamentales para el bienestar y la sostenibilidad de la ciudad.<br><\/p>\n\n\n\n<p>\u00c1lvarez Icaza subray\u00f3 que con estas acciones se avanza en el reconocimiento de las y los combatientes de incendios, quienes hist\u00f3ricamente han aprendido su oficio de manera emp\u00edrica, de generaci\u00f3n en generaci\u00f3n, pero ahora tendr\u00e1n la oportunidad de acceder a formaci\u00f3n t\u00e9cnica y a herramientas para la prevenci\u00f3n de riesgos.<br><\/p>\n\n\n\n<p>Asegur\u00f3 que esta certificaci\u00f3n ser\u00e1 motivo de orgullo para los combatientes de incendios forestales y representa un acto de justicia social.<br><\/p>\n\n\n\n<p>In\u00e9s Gonz\u00e1lez Nicol\u00e1s, Secretaria de Trabajo y Fomento al Empleo, destac\u00f3 la importancia de profesionalizar a servidores p\u00fablicos en sus \u00e1reas de trabajo, a trav\u00e9s de capacitaciones y certificaciones laborales que se imparten en el Instituto de Capacitaci\u00f3n para el Trabajo.<br><\/p>\n\n\n\n<p>Resalt\u00f3 que la firma de este convenio se une a otros m\u00e1s que se han logrado con diversas dependencias capitalinas, como es el caso de la Secretar\u00eda de Turismo de la Ciudad de M\u00e9xico, donde se estableci\u00f3 un convenio para la capacitaci\u00f3n de gu\u00edas de turistas rumbo al Mundial de Futbol 2026.<br><\/p>\n\n\n\n<p>Guadalupe Ramos Sotelo, Directora General del ICAT CDMX, agradeci\u00f3 al titular de CORENADR, Humberto Ad\u00e1n Pe\u00f1a Fuentes, su compromiso para llevar a cabo esta alianza estrat\u00e9gica, y asegur\u00f3 que se traducir\u00e1 en acciones concretas para dignificar el trabajo de quienes protegen los recursos naturales de la capital.<br><\/p>\n\n\n\n<p>Finalmente, Humberto Ad\u00e1n Pe\u00f1a Fuentes, asever\u00f3 que el objetivo planteado por la Secretar\u00eda de Medio Ambiente es que, en este sexenio, todos los combatientes de incendios forestales sean certificados para darle formalidad al trabajo cotidiano. Se\u00f1al\u00f3 que en los pr\u00f3ximos meses podr\u00e1n verse los primeros resultados de este convenio de colaboraci\u00f3n entre el ICAT CDMX y la CORENADR.<br><\/p>\n\n\n\n<p>Con estas acciones, el ICAT CDMX reafirma su compromiso con la construcci\u00f3n de una ciudad m\u00e1s sostenible, en la que la capacitaci\u00f3n y la certificaci\u00f3n laboral sean ejes de una pol\u00edtica p\u00fablica centrada en el trabajo digno y el desarrollo profesional.<\/p>\n","protected":false},"excerpt":{"rendered":"<p>-La alianza busca profesionalizar a 640 brigadistas de la Ciudad de M\u00e9xico El Instituto de Capacitaci\u00f3n para el Trabajo de la Ciudad de M\u00e9xico (ICAT) firm\u00f3 un convenio de colaboraci\u00f3n con la Comisi\u00f3n de Recursos Naturales y Desarrollo Rural (CORENADR) con el objetivo de capacitar y certificar a 640 combatientes de incendios forestales de la [&hellip;]<\/p>\n","protected":false},"author":1,"featured_media":87878,"comment_status":"closed","ping_status":"closed","sticky":false,"template":"","format":"standard","meta":{"footnotes":""},"categories":[35],"tags":[],"class_list":["post-87877","post","type-post","status-publish","format-standard","has-post-thumbnail","hentry","category-cdmx"],"_links":{"self":[{"href":"https:\/\/elinformante.mx\/index.php?rest_route=\/wp\/v2\/posts\/87877","targetHints":{"allow":["GET"]}}],"collection":[{"href":"https:\/\/elinformante.mx\/index.php?rest_route=\/wp\/v2\/posts"}],"about":[{"href":"https:\/\/elinformante.mx\/index.php?rest_route=\/wp\/v2\/types\/post"}],"author":[{"embeddable":true,"href":"https:\/\/elinformante.mx\/index.php?rest_route=\/wp\/v2\/users\/1"}],"replies":[{"embeddable":true,"href":"https:\/\/elinformante.mx\/index.php?rest_route=%2Fwp%2Fv2%2Fcomments&post=87877"}],"version-history":[{"count":0,"href":"https:\/\/elinformante.mx\/index.php?rest_route=\/wp\/v2\/posts\/87877\/revisions"}],"wp:featuredmedia":[{"embeddable":true,"href":"https:\/\/elinformante.mx\/index.php?rest_route=\/wp\/v2\/media\/87878"}],"wp:attachment":[{"href":"https:\/\/elinformante.mx\/index.php?rest_route=%2Fwp%2Fv2%2Fmedia&parent=87877"}],"wp:term":[{"taxonomy":"category","embeddable":true,"href":"https:\/\/elinformante.mx\/index.php?rest_route=%2Fwp%2Fv2%2Fcategories&post=87877"},{"taxonomy":"post_tag","embeddable":true,"href":"https:\/\/elinformante.mx\/index.php?rest_route=%2Fwp%2Fv2%2Ftags&post=87877"}],"curies":[{"name":"wp","href":"https:\/\/api.w.org\/{rel}","templated":true}]}}