{"id":87884,"date":"2025-07-10T07:18:20","date_gmt":"2025-07-10T13:18:20","guid":{"rendered":"https:\/\/elinformante.mx\/?p=87884"},"modified":"2025-07-10T07:18:24","modified_gmt":"2025-07-10T13:18:24","slug":"invita-sheinbaum-a-atender-causas-generadoras-de-violencia-con-programa-si-al-desarme-si-a-la-paz","status":"publish","type":"post","link":"https:\/\/elinformante.mx\/?p=87884","title":{"rendered":"Invita Sheinbaum a atender causas generadoras de violencia con programa \u201cS\u00ed al Desarme, S\u00ed a la Paz\u201d"},"content":{"rendered":"\n<figure class=\"wp-block-pullquote\"><blockquote><p>-Encabez\u00f3 un acto en conmemoraci\u00f3n del D\u00eda Internacional de la Destrucci\u00f3n de Armas de Fuego en un m\u00f3dulo de \u201cS\u00ed al Desarme, S\u00ed a la Paz\u201d instalado en el atrio de la Bas\u00edlica de Guadalupe<\/p><\/blockquote><\/figure>\n\n\n\n<p class=\"has-drop-cap\">En el marco de la conmemoraci\u00f3n del D\u00eda Internacional de la Destrucci\u00f3n de Armas de Fuego, la Presidenta de M\u00e9xico Claudia Sheinbaum Pardo celebr\u00f3 el programa \u201cS\u00ed al Desarme, S\u00ed a la Paz\u201d, el cual ha permitido sacar de las calles 2 mil 135 armas de fuego entregadas voluntaria y an\u00f3nimamente y anim\u00f3 a que en todo el pa\u00eds se atiendan las causas que generan la violencia.<br><\/p>\n\n\n\n<p>Resalt\u00f3 que el pueblo de M\u00e9xico dice \u201cS\u00ed al Desarme, S\u00ed a la Paz\u201d, porque las armas no traen seguridad, sino silencio en las calles, en los hogares y en los corazones, y contrario a ello, lo que se quiere es alegr\u00eda, felicidad y amor.<br><\/p>\n\n\n\n<p>Record\u00f3 que gracias a la implementaci\u00f3n de los cuatro ejes de la Estrategia Nacional de Seguridad: atenci\u00f3n a las causas con acciones que garanticen a los j\u00f3venes sus derechos; la consolidaci\u00f3n de la Guardia Nacional; el fortalecimiento de la inteligencia e investigaci\u00f3n; y la Coordinaci\u00f3n; se reducido en 25% la incidencia del homicidio doloso en el pa\u00eds, del 1 de octubre de 2024 al 30 de junio de 2025.<br><\/p>\n\n\n\n<figure class=\"wp-block-image size-large\"><img fetchpriority=\"high\" decoding=\"async\" width=\"1024\" height=\"506\" src=\"https:\/\/elinformante.mx\/wp-content\/uploads\/2025\/07\/3CLAUDIA-3-1024x506.jpg\" alt=\"\" class=\"wp-image-87888\" srcset=\"https:\/\/elinformante.mx\/wp-content\/uploads\/2025\/07\/3CLAUDIA-3-1024x506.jpg 1024w, https:\/\/elinformante.mx\/wp-content\/uploads\/2025\/07\/3CLAUDIA-3-300x148.jpg 300w, https:\/\/elinformante.mx\/wp-content\/uploads\/2025\/07\/3CLAUDIA-3-768x379.jpg 768w, https:\/\/elinformante.mx\/wp-content\/uploads\/2025\/07\/3CLAUDIA-3.jpg 1140w\" sizes=\"(max-width: 1024px) 100vw, 1024px\" \/><figcaption class=\"wp-element-caption\">Gustavo A. Madero, Ciudad de M\u00e9xico, M\u00e9xico, 9 de julio de 2025. \rLa doctora Claudia Sheinbaum Pardo, presidenta Constitucional de los Estados Unidos Mexicanos encabeza D\u00eda Internacional de la Destrucci\u00f3n de Armas de Fuego en la explanada de la Bas\u00edlica de Guadalupe. La acompa\u00f1an Marco Antonio \u00c1lvarez, comandante de la 1\u00aa regi\u00f3n militar; Efra\u00edn Hern\u00e1ndez D\u00edaz, Rector de la Bas\u00edlica de Guadalupe; Claudia Curiel de Icaza, secretaria de Cultura; Ricardo Trevilla Trejo, secretario de la Defensa Nacional (Sedena); Clara Marina Brugada Molina, jefa de Gobierno de Ciudad de M\u00e9xico; Rosa Icela Rodr\u00edguez Vel\u00e1zquez, secretaria de Gobernaci\u00f3n; Raymundo Pedro Morales \u00c1ngeles, secretario de Marina (Semar); Hern\u00e1n Cort\u00e9s Hern\u00e1ndez, comandante de la Guardia Nacional (GN); Salvador Gonz\u00e1lez, representante del Epicopado Mexicano y Janecarlo Lozano Reynoso, alcalde de Gustavo A. Madero. \rFoto: Presidencia<\/figcaption><\/figure>\n\n\n\n<p>La secretaria de Cultura, Claudia Curiel de Icaza, anunci\u00f3 que en octubre el Gobierno de M\u00e9xico lanzar\u00e1 una convocatoria dirigida a artistas visuales para la creaci\u00f3n de esculturas con el material de las armas decomisadas.<br><\/p>\n\n\n\n<p>El secretario de la Defensa Nacional, general Ricardo Trevilla Trejo, agradeci\u00f3 a la Presidenta por impulsar este programa, as\u00ed como a la Secretar\u00eda de Gobernaci\u00f3n, las autoridades estatales, los gobiernos municipales, la iglesia cat\u00f3lica, la iniciativa privada y a la sociedad en general, por participar en esta pol\u00edtica p\u00fablica de desarme.<br><\/p>\n\n\n\n<p>La secretaria de Gobernaci\u00f3n, Rosa Icela Rodr\u00edguez Vel\u00e1zquez, calific\u00f3 a la Jefa del Poder Ejecutivo como la \u201cPresidenta de la paz\u201d y detall\u00f3 que de las m\u00e1s de 2 mil armas entregadas de manera voluntaria: 1585 son armas cortas y 550 armas largas; 200 granadas y 85 mil cartuchos.<\/p>\n","protected":false},"excerpt":{"rendered":"<p>-Encabez\u00f3 un acto en conmemoraci\u00f3n del D\u00eda Internacional de la Destrucci\u00f3n de Armas de Fuego en un m\u00f3dulo de \u201cS\u00ed al Desarme, S\u00ed a la Paz\u201d instalado en el atrio de la Bas\u00edlica de Guadalupe En el marco de la conmemoraci\u00f3n del D\u00eda Internacional de la Destrucci\u00f3n de Armas de Fuego, la Presidenta de M\u00e9xico [&hellip;]<\/p>\n","protected":false},"author":1,"featured_media":87887,"comment_status":"closed","ping_status":"closed","sticky":false,"template":"","format":"standard","meta":{"footnotes":""},"categories":[34],"tags":[],"class_list":["post-87884","post","type-post","status-publish","format-standard","has-post-thumbnail","hentry","category-nacional"],"_links":{"self":[{"href":"https:\/\/elinformante.mx\/index.php?rest_route=\/wp\/v2\/posts\/87884","targetHints":{"allow":["GET"]}}],"collection":[{"href":"https:\/\/elinformante.mx\/index.php?rest_route=\/wp\/v2\/posts"}],"about":[{"href":"https:\/\/elinformante.mx\/index.php?rest_route=\/wp\/v2\/types\/post"}],"author":[{"embeddable":true,"href":"https:\/\/elinformante.mx\/index.php?rest_route=\/wp\/v2\/users\/1"}],"replies":[{"embeddable":true,"href":"https:\/\/elinformante.mx\/index.php?rest_route=%2Fwp%2Fv2%2Fcomments&post=87884"}],"version-history":[{"count":0,"href":"https:\/\/elinformante.mx\/index.php?rest_route=\/wp\/v2\/posts\/87884\/revisions"}],"wp:featuredmedia":[{"embeddable":true,"href":"https:\/\/elinformante.mx\/index.php?rest_route=\/wp\/v2\/media\/87887"}],"wp:attachment":[{"href":"https:\/\/elinformante.mx\/index.php?rest_route=%2Fwp%2Fv2%2Fmedia&parent=87884"}],"wp:term":[{"taxonomy":"category","embeddable":true,"href":"https:\/\/elinformante.mx\/index.php?rest_route=%2Fwp%2Fv2%2Fcategories&post=87884"},{"taxonomy":"post_tag","embeddable":true,"href":"https:\/\/elinformante.mx\/index.php?rest_route=%2Fwp%2Fv2%2Ftags&post=87884"}],"curies":[{"name":"wp","href":"https:\/\/api.w.org\/{rel}","templated":true}]}}