{"id":87903,"date":"2025-07-10T07:37:41","date_gmt":"2025-07-10T13:37:41","guid":{"rendered":"https:\/\/elinformante.mx\/?p=87903"},"modified":"2025-07-10T07:37:44","modified_gmt":"2025-07-10T13:37:44","slug":"construccion-de-trenes-queretaro-irapuato-y-saltillo-nuevo-laredo-inicia-en-septiembre","status":"publish","type":"post","link":"https:\/\/elinformante.mx\/?p=87903","title":{"rendered":"Construcci\u00f3n de trenes Quer\u00e9taro-Irapuato y Saltillo-Nuevo Laredo inicia en septiembre"},"content":{"rendered":"\n<figure class=\"wp-block-pullquote\"><blockquote><p>-Adem\u00e1s, se licitar\u00e1n 15 trenes de pasajeros para el M\u00e9xico-Pachuca, record\u00f3 que el objetivo de la construcci\u00f3n de estos trenes es conectar el centro y el norte del pa\u00eds<\/p><\/blockquote><\/figure>\n\n\n\n<p class=\"has-drop-cap\">Se inform\u00f3 que en septiembre inicia la construcci\u00f3n de los trenes Quer\u00e9taro\u2013Irapuato y Saltillo\u2013Nuevo Laredo, cuyas licitaciones ser\u00e1n asignadas en agosto, adem\u00e1s de que ma\u00f1ana 10 de julio se licitar\u00e1n 15 trenes para el M\u00e9xico\u2013Pachuca, lo que demuestra que se est\u00e1n recuperando las capacidades del Estado para transportar al pueblo de M\u00e9xico en ferrocarril.<br><\/p>\n\n\n\n<p>Record\u00f3 que la Secretar\u00eda de la Defensa Nacional ya construye las rutas M\u00e9xico\u2013Quer\u00e9taro, AIFA\u2013Pachuca y Ciudad de M\u00e9xico\u2013AIFA, cuyos avances ser\u00e1n informados en los pr\u00f3ximos d\u00edas.<br><\/p>\n\n\n\n<p>Adem\u00e1s, destac\u00f3 que, con la recuperaci\u00f3n de los trenes de pasajeros, el objetivo es llegar de la Ciudad de M\u00e9xico a Nuevo Laredo, Tamaulipas; as\u00ed como de la Ciudad de M\u00e9xico a Nogales, Sonora.<br><\/p>\n\n\n\n<p>El director general de la Agencia Reguladora de Transporte Ferroviario (ARTF) de la Secretar\u00eda de Infraestructura Comunicaciones y Transportes (SICT), Andr\u00e9s Lajous Loaeza, inform\u00f3 que ya se encuentran en licitaci\u00f3n cerca de 250 kil\u00f3metros (km) del tramo Quer\u00e9taro -Irapuato, desde el 19 de mayo los primeros 30 km de Apaseo el Grande a Quer\u00e9taro Zona Industrial; en los pr\u00f3ximos d\u00edas saldr\u00e1 la convocatoria para el tramo de Apaseo el Grande a Irapuato, que son 70 km.<br><\/p>\n\n\n\n<p>En el caso de Saltillo\u2013Nuevo Laredo, desde el 20 de mayo, 100 km que van de Uni\u00f3n San Javier a Arroyo el Sauz y el 19 de junio se abri\u00f3 el proceso para 117 kil\u00f3metros m\u00e1s que van de Derramadero a hasta Santa Catarina.<br><\/p>\n\n\n\n<p>Precis\u00f3 que, la convocatoria de los 15 trenes para el M\u00e9xico\u2013Pachuca es para trenes de 100 metros de m\u00e1s de 700 pasajeros y los cuales viajar\u00e1n a una velocidad m\u00e1xima de 130 km\/h.<\/p>\n","protected":false},"excerpt":{"rendered":"<p>-Adem\u00e1s, se licitar\u00e1n 15 trenes de pasajeros para el M\u00e9xico-Pachuca, record\u00f3 que el objetivo de la construcci\u00f3n de estos trenes es conectar el centro y el norte del pa\u00eds Se inform\u00f3 que en septiembre inicia la construcci\u00f3n de los trenes Quer\u00e9taro\u2013Irapuato y Saltillo\u2013Nuevo Laredo, cuyas licitaciones ser\u00e1n asignadas en agosto, adem\u00e1s de que ma\u00f1ana 10 [&hellip;]<\/p>\n","protected":false},"author":1,"featured_media":87904,"comment_status":"closed","ping_status":"closed","sticky":false,"template":"","format":"standard","meta":{"footnotes":""},"categories":[30,34,31],"tags":[],"class_list":["post-87903","post","type-post","status-publish","format-standard","has-post-thumbnail","hentry","category-destacado","category-nacional","category-portada"],"_links":{"self":[{"href":"https:\/\/elinformante.mx\/index.php?rest_route=\/wp\/v2\/posts\/87903","targetHints":{"allow":["GET"]}}],"collection":[{"href":"https:\/\/elinformante.mx\/index.php?rest_route=\/wp\/v2\/posts"}],"about":[{"href":"https:\/\/elinformante.mx\/index.php?rest_route=\/wp\/v2\/types\/post"}],"author":[{"embeddable":true,"href":"https:\/\/elinformante.mx\/index.php?rest_route=\/wp\/v2\/users\/1"}],"replies":[{"embeddable":true,"href":"https:\/\/elinformante.mx\/index.php?rest_route=%2Fwp%2Fv2%2Fcomments&post=87903"}],"version-history":[{"count":0,"href":"https:\/\/elinformante.mx\/index.php?rest_route=\/wp\/v2\/posts\/87903\/revisions"}],"wp:featuredmedia":[{"embeddable":true,"href":"https:\/\/elinformante.mx\/index.php?rest_route=\/wp\/v2\/media\/87904"}],"wp:attachment":[{"href":"https:\/\/elinformante.mx\/index.php?rest_route=%2Fwp%2Fv2%2Fmedia&parent=87903"}],"wp:term":[{"taxonomy":"category","embeddable":true,"href":"https:\/\/elinformante.mx\/index.php?rest_route=%2Fwp%2Fv2%2Fcategories&post=87903"},{"taxonomy":"post_tag","embeddable":true,"href":"https:\/\/elinformante.mx\/index.php?rest_route=%2Fwp%2Fv2%2Ftags&post=87903"}],"curies":[{"name":"wp","href":"https:\/\/api.w.org\/{rel}","templated":true}]}}