{"id":87906,"date":"2025-07-10T07:40:28","date_gmt":"2025-07-10T13:40:28","guid":{"rendered":"https:\/\/elinformante.mx\/?p=87906"},"modified":"2025-07-10T07:40:31","modified_gmt":"2025-07-10T13:40:31","slug":"ovidio-guzman-ya-canto-y-logra-acuerdo-con-usa","status":"publish","type":"post","link":"https:\/\/elinformante.mx\/?p=87906","title":{"rendered":"OVIDIO GUZM\u00c1N \u201cYA CANT\u00d3\u201d Y LOGRA ACUERDO CON USA"},"content":{"rendered":"\n<figure class=\"wp-block-pullquote\"><blockquote><p>Guzm\u00e1n L\u00f3pez enfrenta cargos en Estados Unidos por narcotr\u00e1fico, delincuencia organizada, lavado de dinero y posesi\u00f3n de armas de fuego.<\/p><\/blockquote><\/figure>\n\n\n\n<p class=\"has-drop-cap\">Un tema candente en el \u00e1mbito mexicano es la situaci\u00f3n del narcotraficante mexicano Ovidio Guzm\u00e1n L\u00f3pez, al\u00edas \u201cEl Rat\u00f3n\u201d y qui\u00e9n es hijo de Joaqu\u00edn \u201cEl Chapo\u201d Guzm\u00e1n, y a un d\u00eda de enfrentarse a una audiencia clave en Chicago, se confirm\u00f3 que fue trasladado a una nueva prisi\u00f3n federal.<br><\/p>\n\n\n\n<p>Adem\u00e1s se ha podido observar que ya aparece con un nuevo estatus en el Bur\u00f3 Federal de Prisiones (BOP) de Estados Unidos.<br><\/p>\n\n\n\n<p>Ovidio hab\u00eda dejado de figurar en el sistema desde 2024; sin embargo, de acuerdo con el portal oficial, actualmente se encuentra recluido en el Centro Correccional Metropolitano de Chicago, una instalaci\u00f3n federal de alta seguridad que alberga tanto a internos condenados como a personas en espera de juicio.<br><\/p>\n\n\n\n<figure class=\"wp-block-image size-large\"><img fetchpriority=\"high\" decoding=\"async\" width=\"1024\" height=\"506\" src=\"https:\/\/elinformante.mx\/wp-content\/uploads\/2025\/07\/9OVIDIO-4-1024x506.jpg\" alt=\"\" class=\"wp-image-87908\" srcset=\"https:\/\/elinformante.mx\/wp-content\/uploads\/2025\/07\/9OVIDIO-4-1024x506.jpg 1024w, https:\/\/elinformante.mx\/wp-content\/uploads\/2025\/07\/9OVIDIO-4-300x148.jpg 300w, https:\/\/elinformante.mx\/wp-content\/uploads\/2025\/07\/9OVIDIO-4-768x379.jpg 768w, https:\/\/elinformante.mx\/wp-content\/uploads\/2025\/07\/9OVIDIO-4.jpg 1140w\" sizes=\"(max-width: 1024px) 100vw, 1024px\" \/><\/figure>\n\n\n\n<p>La ficha del BOP de Ovidio Guzm\u00e1n aparece con el n\u00famero de registro 72884\u2011748 y no cuenta con una fecha de liberaci\u00f3n programada. Inicialmente, la audiencia de Ovidio Guzm\u00e1n estaba prevista para el mi\u00e9rcoles 9 de julio, pero fue la propia Corte de Chicago la que anunci\u00f3 su reprogramaci\u00f3n.<br><\/p>\n\n\n\n<p>Se espera que durante la audiencia, el tambi\u00e9n conocido como \u201cEl Rat\u00f3n\u201d se declare culpable de los delitos que se le imputan en Illinois, como parte de un acuerdo con la justicia estadounidense que tambi\u00e9n busca dejar fuera los cargos presentados en Nueva York.<br><\/p>\n\n\n\n<p>Recluido en el Centro Correccional Metropolitano de Chicago, bajo custodia federal, su defensa ha trabajado en una negociaci\u00f3n de admisi\u00f3n de culpabilidad para evitar un juicio mayor y reducir su exposici\u00f3n penal.<br><\/p>\n\n\n\n<figure class=\"wp-block-image size-large\"><img decoding=\"async\" width=\"1024\" height=\"506\" src=\"https:\/\/elinformante.mx\/wp-content\/uploads\/2025\/07\/9OVIDIO-3-1024x506.jpg\" alt=\"\" class=\"wp-image-87909\" srcset=\"https:\/\/elinformante.mx\/wp-content\/uploads\/2025\/07\/9OVIDIO-3-1024x506.jpg 1024w, https:\/\/elinformante.mx\/wp-content\/uploads\/2025\/07\/9OVIDIO-3-300x148.jpg 300w, https:\/\/elinformante.mx\/wp-content\/uploads\/2025\/07\/9OVIDIO-3-768x379.jpg 768w, https:\/\/elinformante.mx\/wp-content\/uploads\/2025\/07\/9OVIDIO-3.jpg 1140w\" sizes=\"(max-width: 1024px) 100vw, 1024px\" \/><\/figure>\n\n\n\n<p>En esta negociaci\u00f3n viene incluido el cambio de prisi\u00f3n, especulaci\u00f3n que ya se hab\u00eda suscitado en julio de 2024, cuando Ovidio desapareci\u00f3 brevemente del registro del BOP, encendiendo las especulaciones sobre una negociaci\u00f3n en curso.<br><\/p>\n\n\n\n<p>Las especulaciones aumentaron cuando 17 familiares directos de Ovidio ingresaron recientemente a Estados Unidos, reforzando la hip\u00f3tesis de un acuerdo en marcha.<br><\/p>\n\n\n\n<p>Ahora el documento que eliminar\u00eda los cargos en Nueva York ya circula p\u00fablicamente, mientras que la audiencia donde se formalizar\u00eda este trato fue aplazada y est\u00e1 ahora programada para ma\u00f1ana viernes 11 de julio de 2025. Se espera que en esta audiencia se declare culpable de delitos relacionados con el narcotr\u00e1fico ante la Corte del Distrito Norte de Illinois, en Chicago. Y si las cosas suceden como lo tiene programado su defensa, Ovidio Guzm\u00e1n podr\u00eda ingresar al programa de testigos protegidos, convirti\u00e9ndose en el primer hijo de Joaqu\u00edn \u201cEl Chapo\u201d Guzm\u00e1n en colaborar formalmente con las autoridades de Estados Unidos.<br><\/p>\n\n\n\n<figure class=\"wp-block-image size-large\"><img decoding=\"async\" width=\"1024\" height=\"506\" src=\"https:\/\/elinformante.mx\/wp-content\/uploads\/2025\/07\/9OVIDIO-1024x506.jpg\" alt=\"\" class=\"wp-image-87910\" srcset=\"https:\/\/elinformante.mx\/wp-content\/uploads\/2025\/07\/9OVIDIO-1024x506.jpg 1024w, https:\/\/elinformante.mx\/wp-content\/uploads\/2025\/07\/9OVIDIO-300x148.jpg 300w, https:\/\/elinformante.mx\/wp-content\/uploads\/2025\/07\/9OVIDIO-768x379.jpg 768w, https:\/\/elinformante.mx\/wp-content\/uploads\/2025\/07\/9OVIDIO.jpg 1140w\" sizes=\"(max-width: 1024px) 100vw, 1024px\" \/><\/figure>\n\n\n\n<p>Y es que Guzm\u00e1n L\u00f3pez enfrenta cargos en Estados Unidos por narcotr\u00e1fico, delincuencia organizada, lavado de dinero y posesi\u00f3n de armas de fuego.<br><\/p>\n\n\n\n<p>Pero adem\u00e1s de \u201cEl Rat\u00f3n\u201d, su hermano Joaqu\u00edn Guzm\u00e1n L\u00f3pez, tambi\u00e9n estar\u00eda involucrado en negociaciones similares. Seg\u00fan reportes, Joaqu\u00edn fue detenido en julio de 2024 junto a Ismael \u201cEl Mayo\u201d Zambada y su nombre desapareci\u00f3 del sistema del BOP el 16 de octubre del mismo a\u00f1o.<br><\/p>\n\n\n\n<p>Ambos hermanos han sido se\u00f1alados por fiscales federales como l\u00edderes de una fracci\u00f3n del C\u00e1rtel de Sinaloa conocida como \u201clos Chapitos\u201d, responsable, seg\u00fan autoridades de Estados Unidos, de enviar grandes cantidades de fentanilo al pa\u00eds.<\/p>\n","protected":false},"excerpt":{"rendered":"<p>Guzm\u00e1n L\u00f3pez enfrenta cargos en Estados Unidos por narcotr\u00e1fico, delincuencia organizada, lavado de dinero y posesi\u00f3n de armas de fuego. Un tema candente en el \u00e1mbito mexicano es la situaci\u00f3n del narcotraficante mexicano Ovidio Guzm\u00e1n L\u00f3pez, al\u00edas \u201cEl Rat\u00f3n\u201d y qui\u00e9n es hijo de Joaqu\u00edn \u201cEl Chapo\u201d Guzm\u00e1n, y a un d\u00eda de enfrentarse a [&hellip;]<\/p>\n","protected":false},"author":1,"featured_media":87907,"comment_status":"closed","ping_status":"closed","sticky":false,"template":"","format":"standard","meta":{"footnotes":""},"categories":[30,34,31],"tags":[47],"class_list":["post-87906","post","type-post","status-publish","format-standard","has-post-thumbnail","hentry","category-destacado","category-nacional","category-portada","tag-portadanacional"],"_links":{"self":[{"href":"https:\/\/elinformante.mx\/index.php?rest_route=\/wp\/v2\/posts\/87906","targetHints":{"allow":["GET"]}}],"collection":[{"href":"https:\/\/elinformante.mx\/index.php?rest_route=\/wp\/v2\/posts"}],"about":[{"href":"https:\/\/elinformante.mx\/index.php?rest_route=\/wp\/v2\/types\/post"}],"author":[{"embeddable":true,"href":"https:\/\/elinformante.mx\/index.php?rest_route=\/wp\/v2\/users\/1"}],"replies":[{"embeddable":true,"href":"https:\/\/elinformante.mx\/index.php?rest_route=%2Fwp%2Fv2%2Fcomments&post=87906"}],"version-history":[{"count":0,"href":"https:\/\/elinformante.mx\/index.php?rest_route=\/wp\/v2\/posts\/87906\/revisions"}],"wp:featuredmedia":[{"embeddable":true,"href":"https:\/\/elinformante.mx\/index.php?rest_route=\/wp\/v2\/media\/87907"}],"wp:attachment":[{"href":"https:\/\/elinformante.mx\/index.php?rest_route=%2Fwp%2Fv2%2Fmedia&parent=87906"}],"wp:term":[{"taxonomy":"category","embeddable":true,"href":"https:\/\/elinformante.mx\/index.php?rest_route=%2Fwp%2Fv2%2Fcategories&post=87906"},{"taxonomy":"post_tag","embeddable":true,"href":"https:\/\/elinformante.mx\/index.php?rest_route=%2Fwp%2Fv2%2Ftags&post=87906"}],"curies":[{"name":"wp","href":"https:\/\/api.w.org\/{rel}","templated":true}]}}