{"id":87933,"date":"2025-07-11T05:44:21","date_gmt":"2025-07-11T11:44:21","guid":{"rendered":"https:\/\/elinformante.mx\/?p=87933"},"modified":"2025-07-11T05:44:25","modified_gmt":"2025-07-11T11:44:25","slug":"mexico-brilla-en-el-ciclismo-mundial-con-del-toro-y-garcia","status":"publish","type":"post","link":"https:\/\/elinformante.mx\/?p=87933","title":{"rendered":"M\u00e9xico brilla en el ciclismo mundial con Del Toro y Garc\u00eda"},"content":{"rendered":"\n<figure class=\"wp-block-pullquote\"><blockquote><p>En menos de 12 horas M\u00e9xico celebr\u00f3 las victorias, en Austria y China.<\/p><\/blockquote><\/figure>\n\n\n\n<p class=\"has-drop-cap\">Con 12 horas de diferencias, en dos continentes distintos el ciclismo mexicano levant\u00f3 la bandera con victorias profesionales que nadie esperaba ver en tan poco tiempo.<br><\/p>\n\n\n\n<p>Carlos Alfonso Garc\u00eda se impuso en la exigente quinta etapa del Tour del Magn\u00edfico Qinghai, a m\u00e1s de 3,300 metros de altitud en China, mientras que Isaac del Toro sell\u00f3 su triunfo en un apretado sprint en la segunda etapa del Tour de Austria.<br><\/p>\n\n\n\n<p>Carlos e Isaac recordaron al pa\u00eds que hay una nueva generaci\u00f3n capaz de ganar en cualquier distancia y altitud.<br><\/p>\n\n\n\n<p>Comenzamoc con Carlos Alfonso Garc\u00eda que en la provincia china de Qinghai, alz\u00f3 los brazos por primera vez como profesional. Lo hizo en la quinta etapa del Tour del Magn\u00edfico Qinghai, una de las carreras m\u00e1s extenuantes por su ascenso inicial de 29 kil\u00f3metros. El joven coahuilense de 21 a\u00f1os y que compite para el equipo mexicano Petrolike, se impuso con autoridad en 4h 13m 06s, por delante de Henok Mulubrhan y del uruguayo Guillermo Thomas Silva.<br><\/p>\n\n\n\n<p>En un calendario donde los grandes nombres suelen repetirse, Carlos fue el inesperado. Hasta esta semana no hab\u00eda ganado ni terminado en el Top 10 de una carrera de este nivel. Sin embargo, su preparaci\u00f3n a la altitud fue una ventaja clave.<br><\/p>\n\n\n\n<figure class=\"wp-block-image size-large\"><img fetchpriority=\"high\" decoding=\"async\" width=\"1024\" height=\"506\" src=\"https:\/\/elinformante.mx\/wp-content\/uploads\/2025\/07\/14mexico-3-1024x506.jpg\" alt=\"\" class=\"wp-image-87935\" srcset=\"https:\/\/elinformante.mx\/wp-content\/uploads\/2025\/07\/14mexico-3-1024x506.jpg 1024w, https:\/\/elinformante.mx\/wp-content\/uploads\/2025\/07\/14mexico-3-300x148.jpg 300w, https:\/\/elinformante.mx\/wp-content\/uploads\/2025\/07\/14mexico-3-768x379.jpg 768w, https:\/\/elinformante.mx\/wp-content\/uploads\/2025\/07\/14mexico-3.jpg 1140w\" sizes=\"(max-width: 1024px) 100vw, 1024px\" \/><\/figure>\n\n\n\n<p>Y a casi 7,000 kil\u00f3metros de distancia, y unas horas despu\u00e9s, fue el turno de su amigo. Isaac del Toro, sensaci\u00f3n mundial del ciclismo y subcampe\u00f3n del Giro de Italia. El Torito conquist\u00f3 la segunda etapa del Tour de Austria con una mezcla de potencia y madurez. Venci\u00f3 al estadunidense Andrew August en un sprint reducido, al finalizar los 142 kil\u00f3metros entre Bischofshofen y St. Johann-Alpendorf en 3h 04m 59s. El podio lo complet\u00f3 el espa\u00f1ol H\u00e9ctor \u00c1lvarez.<br><\/p>\n\n\n\n<p>Isaac, que corre para el UAE Team Emirates, hab\u00eda iniciado la competencia con prudencia, cuidando piernas tras el desgaste del Giro.<br><\/p>\n\n\n\n<p>El nombre de Isaac del Toro sigue ganando peso en la clasificaci\u00f3n general y ahora es cuarto, a s\u00f3lo 16 segundos del l\u00edder, su compa\u00f1ero Felix Grobschartner.<br><\/p>\n\n\n\n<p>A veces, el ciclismo se mide en kil\u00f3metros, otras, en segundos. Esta vez, se midi\u00f3 en el valor del compa\u00f1erismo. En medio de carreras opuestas, una en Asia, otra en Europa, y con realidades distintas, ambos ciclistas compartieron el mismo d\u00eda glorioso. Uno, como el nombre ya instalado dentro de la industria, otro, como la gran aparici\u00f3n que no quiere frenar.<br><\/p>\n\n\n\n<p>M\u00e9xico, que durante d\u00e9cadas vio pasar las carreras sin protagonistas, hoy puede que presumir a dos amigos que encadenaron triunfos en menos de 12 horas en dos continentes diferentes.<\/p>\n","protected":false},"excerpt":{"rendered":"<p>En menos de 12 horas M\u00e9xico celebr\u00f3 las victorias, en Austria y China. Con 12 horas de diferencias, en dos continentes distintos el ciclismo mexicano levant\u00f3 la bandera con victorias profesionales que nadie esperaba ver en tan poco tiempo. Carlos Alfonso Garc\u00eda se impuso en la exigente quinta etapa del Tour del Magn\u00edfico Qinghai, a [&hellip;]<\/p>\n","protected":false},"author":1,"featured_media":87934,"comment_status":"closed","ping_status":"closed","sticky":false,"template":"","format":"standard","meta":{"footnotes":""},"categories":[38,30],"tags":[],"class_list":["post-87933","post","type-post","status-publish","format-standard","has-post-thumbnail","hentry","category-deportes","category-destacado"],"_links":{"self":[{"href":"https:\/\/elinformante.mx\/index.php?rest_route=\/wp\/v2\/posts\/87933","targetHints":{"allow":["GET"]}}],"collection":[{"href":"https:\/\/elinformante.mx\/index.php?rest_route=\/wp\/v2\/posts"}],"about":[{"href":"https:\/\/elinformante.mx\/index.php?rest_route=\/wp\/v2\/types\/post"}],"author":[{"embeddable":true,"href":"https:\/\/elinformante.mx\/index.php?rest_route=\/wp\/v2\/users\/1"}],"replies":[{"embeddable":true,"href":"https:\/\/elinformante.mx\/index.php?rest_route=%2Fwp%2Fv2%2Fcomments&post=87933"}],"version-history":[{"count":0,"href":"https:\/\/elinformante.mx\/index.php?rest_route=\/wp\/v2\/posts\/87933\/revisions"}],"wp:featuredmedia":[{"embeddable":true,"href":"https:\/\/elinformante.mx\/index.php?rest_route=\/wp\/v2\/media\/87934"}],"wp:attachment":[{"href":"https:\/\/elinformante.mx\/index.php?rest_route=%2Fwp%2Fv2%2Fmedia&parent=87933"}],"wp:term":[{"taxonomy":"category","embeddable":true,"href":"https:\/\/elinformante.mx\/index.php?rest_route=%2Fwp%2Fv2%2Fcategories&post=87933"},{"taxonomy":"post_tag","embeddable":true,"href":"https:\/\/elinformante.mx\/index.php?rest_route=%2Fwp%2Fv2%2Ftags&post=87933"}],"curies":[{"name":"wp","href":"https:\/\/api.w.org\/{rel}","templated":true}]}}