{"id":87937,"date":"2025-07-11T05:49:12","date_gmt":"2025-07-11T11:49:12","guid":{"rendered":"https:\/\/elinformante.mx\/?p=87937"},"modified":"2025-07-11T05:49:16","modified_gmt":"2025-07-11T11:49:16","slug":"detiene-policia-de-metepec-a-falsos-elementos-de-cusaem-por-proteccion-a-despojo-de-propiedad","status":"publish","type":"post","link":"https:\/\/elinformante.mx\/?p=87937","title":{"rendered":"Detiene polic\u00eda de Metepec a falsos elementos de CUSAEM por protecci\u00f3n a despojo de propiedad"},"content":{"rendered":"\n<figure class=\"wp-block-pullquote\"><blockquote><p>Fueron detenidos dos trabajadores que hac\u00edan labores para delimitar el predio en cuesti\u00f3n<\/p><\/blockquote><\/figure>\n\n\n\n<p class=\"has-drop-cap\">La polic\u00eda municipal de Metepec detuvo a cuatro hombres, dos de ellos por usurpaci\u00f3n de funciones, por presunta participaci\u00f3n en el delito de despojo de propiedad privada en agravio del apoderado legal de un predio en el Residencial Forestal Crystal Lagoons.<br><\/p>\n\n\n\n<p>Elementos de la corporaci\u00f3n de la polic\u00eda municipal, atendieron el llamado de un vecino del fraccionamiento arriba referido, quien denunci\u00f3 invasi\u00f3n a su propiedad.<br><\/p>\n\n\n\n<p>En el lugar, fueron detenidos dos trabajadores que hac\u00edan labores para delimitar el predio en cuesti\u00f3n, quienes no pudieron comprobar la legalidad de su intervenci\u00f3n en el sitio; all\u00ed, tambi\u00e9n fueron detenidos dos hombres a bordo de un veh\u00edculo, personas y unidad con uniformes y rotulada respectivamente, con insignias del Cuerpo de Seguridad Auxiliar del Estado de M\u00e9xico (CUSAEM), estos \u00faltimos, aseguraron resguardaban el predio de manera \u201coficial\u201d.<br><\/p>\n\n\n\n<p>Al constatar en las plataformas oficiales la inexistencia de los \u201cuniformados\u201d en la corporaci\u00f3n de seguridad privada al servicio del estado, las dos personas fueron igualmente aseguradas.<br><\/p>\n\n\n\n<p>Los trabajadores respondieron a los nombres de Faustino \u201cN\u201d y Jonathan \u201cN\u201d de 50 y 33 a\u00f1os de edad originarios de Metepec y San Mateo Atenco, respectivamente, mientras que los supuestos servidores garantes de protecci\u00f3n, dijeron llamarse Francisco \u201cN\u201d y Javier \u201cN\u201d de 38 y 37 a\u00f1os de edad con residencia en Metepec y Toluca, respectivamente.<br><\/p>\n\n\n\n<p>Los cuatro individuos y el veh\u00edculo que fung\u00eda como patrulla, un Ford Taurus modelo 2014 de color blanco balizado con logos oficiales del Cuerpo de guardias Valle de Toluca, fueron puestos a disposici\u00f3n de las autoridades ministeriales para las investigaciones y resoluci\u00f3n respectiva.<\/p>\n","protected":false},"excerpt":{"rendered":"<p>Fueron detenidos dos trabajadores que hac\u00edan labores para delimitar el predio en cuesti\u00f3n La polic\u00eda municipal de Metepec detuvo a cuatro hombres, dos de ellos por usurpaci\u00f3n de funciones, por presunta participaci\u00f3n en el delito de despojo de propiedad privada en agravio del apoderado legal de un predio en el Residencial Forestal Crystal Lagoons. Elementos [&hellip;]<\/p>\n","protected":false},"author":1,"featured_media":87938,"comment_status":"closed","ping_status":"closed","sticky":false,"template":"","format":"standard","meta":{"footnotes":""},"categories":[36],"tags":[],"class_list":["post-87937","post","type-post","status-publish","format-standard","has-post-thumbnail","hentry","category-edomex"],"_links":{"self":[{"href":"https:\/\/elinformante.mx\/index.php?rest_route=\/wp\/v2\/posts\/87937","targetHints":{"allow":["GET"]}}],"collection":[{"href":"https:\/\/elinformante.mx\/index.php?rest_route=\/wp\/v2\/posts"}],"about":[{"href":"https:\/\/elinformante.mx\/index.php?rest_route=\/wp\/v2\/types\/post"}],"author":[{"embeddable":true,"href":"https:\/\/elinformante.mx\/index.php?rest_route=\/wp\/v2\/users\/1"}],"replies":[{"embeddable":true,"href":"https:\/\/elinformante.mx\/index.php?rest_route=%2Fwp%2Fv2%2Fcomments&post=87937"}],"version-history":[{"count":0,"href":"https:\/\/elinformante.mx\/index.php?rest_route=\/wp\/v2\/posts\/87937\/revisions"}],"wp:featuredmedia":[{"embeddable":true,"href":"https:\/\/elinformante.mx\/index.php?rest_route=\/wp\/v2\/media\/87938"}],"wp:attachment":[{"href":"https:\/\/elinformante.mx\/index.php?rest_route=%2Fwp%2Fv2%2Fmedia&parent=87937"}],"wp:term":[{"taxonomy":"category","embeddable":true,"href":"https:\/\/elinformante.mx\/index.php?rest_route=%2Fwp%2Fv2%2Fcategories&post=87937"},{"taxonomy":"post_tag","embeddable":true,"href":"https:\/\/elinformante.mx\/index.php?rest_route=%2Fwp%2Fv2%2Ftags&post=87937"}],"curies":[{"name":"wp","href":"https:\/\/api.w.org\/{rel}","templated":true}]}}