{"id":87946,"date":"2025-07-11T06:01:49","date_gmt":"2025-07-11T12:01:49","guid":{"rendered":"https:\/\/elinformante.mx\/?p=87946"},"modified":"2025-07-11T06:02:01","modified_gmt":"2025-07-11T12:02:01","slug":"encabeza-ana-muniz-primer-encuentro-juridico-san-mateo-atenco","status":"publish","type":"post","link":"https:\/\/elinformante.mx\/?p=87946","title":{"rendered":"Encabeza Ana Mu\u00f1iz Primer Encuentro Jur\u00eddico San Mateo Atenco"},"content":{"rendered":"\n<figure class=\"wp-block-pullquote\"><blockquote><p>Adem\u00e1s se celebr\u00f3 en el municipio el D\u00eda de la Abogada y el Abogado.<\/p><\/blockquote><\/figure>\n\n\n\n<p class=\"has-drop-cap\">La presidenta municipal de San Mateo Atenco, Ana Mu\u00f1iz Neyra encabez\u00f3 el acto inaugural del Primer Encuentro Jur\u00eddico San Mateo Atenco en el marco de la conmemoraci\u00f3n del D\u00eda de las y los Abogados.<br><\/p>\n\n\n\n<p>Mu\u00f1iz Neyra destac\u00f3 que este foro abri\u00f3 un espacio de encuentro entre instituciones, especialistas y ciudadan\u00eda para pensar el derecho desde lo humano, lo cercano y la \u00e9tica p\u00fablica.<br><\/p>\n\n\n\n<p>En el acto se cont\u00f3 con la participaci\u00f3n del presidente electo del Tribunal Superior de Justicia del Estado de M\u00e9xico, Mtro. H\u00e9ctor Macedo Garc\u00eda, jueces y magistrados electos, y especialistas en las distintas \u00e1reas del Derecho, y con el objetivo de fortalecer el di\u00e1logo jur\u00eddico, promover la \u00e9tica p\u00fablica y reflexionar sobre los desaf\u00edos contempor\u00e1neos de la justicia en M\u00e9xico.<br><\/p>\n\n\n\n<p>Durante su mensaje, Mu\u00f1iz Neyra se\u00f1al\u00f3 que la pr\u00e1ctica legal desde las instituciones gubernamentales debe estar anclada en la \u00e9tica p\u00fablica. \u201cNo basta con cumplir la ley; es indispensable honrarla con integridad, con vocaci\u00f3n de servicio y con un profundo respeto por la dignidad humana\u201d, expres\u00f3.<br><\/p>\n\n\n\n<p>El presidente electo del Tribunal Superior de Justicia del Estado de M\u00e9xico, H\u00e9ctor Macedo Garc\u00eda, reconoci\u00f3 el trabajo de la presidenta Ana Mu\u00f1iz Neyra para la realizaci\u00f3n de este Primer Encuentro, al se\u00f1alar que es una gran oportunidad para reflexionar, intercambiar experiencias y, sobre todo, establecer metas para que no se quede solo en un foro y puedan materializarse acciones concretas en beneficio de la sociedad.<br><\/p>\n\n\n\n<figure class=\"wp-block-image size-large\"><img fetchpriority=\"high\" decoding=\"async\" width=\"1024\" height=\"506\" src=\"https:\/\/elinformante.mx\/wp-content\/uploads\/2025\/07\/12mateo-1-1024x506.jpg\" alt=\"\" class=\"wp-image-87950\" srcset=\"https:\/\/elinformante.mx\/wp-content\/uploads\/2025\/07\/12mateo-1-1024x506.jpg 1024w, https:\/\/elinformante.mx\/wp-content\/uploads\/2025\/07\/12mateo-1-300x148.jpg 300w, https:\/\/elinformante.mx\/wp-content\/uploads\/2025\/07\/12mateo-1-768x379.jpg 768w, https:\/\/elinformante.mx\/wp-content\/uploads\/2025\/07\/12mateo-1.jpg 1140w\" sizes=\"(max-width: 1024px) 100vw, 1024px\" \/><\/figure>\n\n\n\n<p>La Dra. Cristel Pozas Serrano, consejera de la Judicatura y representante del presidente del Tribunal Superior de Justicia del Estado de M\u00e9xico, reconoci\u00f3 a Ana Mu\u00f1iz por ser una mujer aliada y pionera en ejercicios que, desde lo municipal, han fortalecido el Estado de Derecho de las y los atenquenses. Este foro nos invita a reflexionar sobre la relaci\u00f3n entre seguridad, ciudadan\u00eda y gobierno, un tri\u00e1ngulo inseparable de paz y desarrollo.<br><\/p>\n\n\n\n<p>Durante la jornada se desarrollaron tres paneles tem\u00e1ticos: La Justicia Mexicana, retos posteriores a la elecci\u00f3n de personas juzgadoras. El segundo Panel, Funci\u00f3n Social de las y los Abogados, que abord\u00f3 el papel del derecho en la transformaci\u00f3n social y la defensa de los derechos humanos.<br><\/p>\n\n\n\n<p>Finalmente, el tercer Panel trat\u00f3 sobre la Seguridad, Ciudadan\u00eda y Gobierno, donde se discutieron los v\u00ednculos entre legalidad, gobernanza y participaci\u00f3n ciudadana<br><\/p>\n\n\n\n<p>Se reconoci\u00f3 la presencia de las abogadas y abogados que integran distintas \u00e1reas del Gobierno de San Mateo Atenco, a quienes se agradeci\u00f3 su labor cotidiana en favor de la legalidad y la protecci\u00f3n de los derechos de la poblaci\u00f3n atenquense.<br><\/p>\n\n\n\n<p>Finalmente, la presidenta Ana Mu\u00f1iz subray\u00f3 que este encuentro es solo el inicio de una agenda m\u00e1s amplia para consolidar a San Mateo Atenco como un referente en gobernanza \u00e9tica, justicia local y fortalecimiento institucional.<\/p>\n","protected":false},"excerpt":{"rendered":"<p>Adem\u00e1s se celebr\u00f3 en el municipio el D\u00eda de la Abogada y el Abogado. La presidenta municipal de San Mateo Atenco, Ana Mu\u00f1iz Neyra encabez\u00f3 el acto inaugural del Primer Encuentro Jur\u00eddico San Mateo Atenco en el marco de la conmemoraci\u00f3n del D\u00eda de las y los Abogados. Mu\u00f1iz Neyra destac\u00f3 que este foro abri\u00f3 [&hellip;]<\/p>\n","protected":false},"author":1,"featured_media":87949,"comment_status":"closed","ping_status":"closed","sticky":false,"template":"","format":"standard","meta":{"footnotes":""},"categories":[30,36],"tags":[],"class_list":["post-87946","post","type-post","status-publish","format-standard","has-post-thumbnail","hentry","category-destacado","category-edomex"],"_links":{"self":[{"href":"https:\/\/elinformante.mx\/index.php?rest_route=\/wp\/v2\/posts\/87946","targetHints":{"allow":["GET"]}}],"collection":[{"href":"https:\/\/elinformante.mx\/index.php?rest_route=\/wp\/v2\/posts"}],"about":[{"href":"https:\/\/elinformante.mx\/index.php?rest_route=\/wp\/v2\/types\/post"}],"author":[{"embeddable":true,"href":"https:\/\/elinformante.mx\/index.php?rest_route=\/wp\/v2\/users\/1"}],"replies":[{"embeddable":true,"href":"https:\/\/elinformante.mx\/index.php?rest_route=%2Fwp%2Fv2%2Fcomments&post=87946"}],"version-history":[{"count":0,"href":"https:\/\/elinformante.mx\/index.php?rest_route=\/wp\/v2\/posts\/87946\/revisions"}],"wp:featuredmedia":[{"embeddable":true,"href":"https:\/\/elinformante.mx\/index.php?rest_route=\/wp\/v2\/media\/87949"}],"wp:attachment":[{"href":"https:\/\/elinformante.mx\/index.php?rest_route=%2Fwp%2Fv2%2Fmedia&parent=87946"}],"wp:term":[{"taxonomy":"category","embeddable":true,"href":"https:\/\/elinformante.mx\/index.php?rest_route=%2Fwp%2Fv2%2Fcategories&post=87946"},{"taxonomy":"post_tag","embeddable":true,"href":"https:\/\/elinformante.mx\/index.php?rest_route=%2Fwp%2Fv2%2Ftags&post=87946"}],"curies":[{"name":"wp","href":"https:\/\/api.w.org\/{rel}","templated":true}]}}