{"id":87952,"date":"2025-07-11T06:03:48","date_gmt":"2025-07-11T12:03:48","guid":{"rendered":"https:\/\/elinformante.mx\/?p=87952"},"modified":"2025-07-11T06:04:24","modified_gmt":"2025-07-11T12:04:24","slug":"refuerza-saray-benitez-regulacion-sobre-el-uso-de-la-via-publica-en-mexicaltzingo","status":"publish","type":"post","link":"https:\/\/elinformante.mx\/?p=87952","title":{"rendered":"Refuerza Saray Ben\u00edtez regulaci\u00f3n sobre el uso de la v\u00eda p\u00fablica en Mexicaltzingo"},"content":{"rendered":"\n<figure class=\"wp-block-pullquote\"><blockquote><p>Subray\u00f3 la importancia de preservar los espacios comunes en condiciones seguras y accesibles para todos.<\/p><\/blockquote><\/figure>\n\n\n\n<p class=\"has-drop-cap\">Saray Ben\u00edtez Espinoza, presidenta municipal de Mexicaltzingo, llam\u00f3 a la ciudadan\u00eda a respetar las disposiciones establecidas en el Bando Municipal 2025, sobre todo lo relativo al uso de la v\u00eda p\u00fablica.<br><\/p>\n\n\n\n<p>Record\u00f3 que de acuerdo a lo expuesto en el Bando Municipal 2025, qued\u00f3 estrictamente prohibido instalar lonas o carpas en la v\u00eda p\u00fablica. Sin embargo existe una excepci\u00f3n, que es en el caso de actividades f\u00fanebres; en esta situaci\u00f3n \u00fanicamente se podr\u00e1 ocupar media calle, dejando la otra mitad libre para garantizar el flujo vehicular.<br><\/p>\n\n\n\n<p>Tambi\u00e9n record\u00f3 que de la misma manera estar prohibido clavar estacas, anclas o cualquier tipo de elemento en la carpeta asf\u00e1ltica, de concreto, guarniciones o banquetas, porque al hacerlo se generan da\u00f1os a la infraestructura urbana y representar un riesgo para los transe\u00fantes.<br><\/p>\n\n\n\n<p>Mediante sus redes sociales, Ben\u00edtez Espinoza agradeci\u00f3 a los ciudadanos por colaborar a mantener el orden y la v\u00eda p\u00fablica libre.<br><\/p>\n\n\n\n<p>Ben\u00edtez Espinoza subray\u00f3 la importancia de preservar los espacios comunes en condiciones seguras y accesibles para todos.<\/p>\n","protected":false},"excerpt":{"rendered":"<p>Subray\u00f3 la importancia de preservar los espacios comunes en condiciones seguras y accesibles para todos. Saray Ben\u00edtez Espinoza, presidenta municipal de Mexicaltzingo, llam\u00f3 a la ciudadan\u00eda a respetar las disposiciones establecidas en el Bando Municipal 2025, sobre todo lo relativo al uso de la v\u00eda p\u00fablica. Record\u00f3 que de acuerdo a lo expuesto en el [&hellip;]<\/p>\n","protected":false},"author":1,"featured_media":87953,"comment_status":"closed","ping_status":"closed","sticky":false,"template":"","format":"standard","meta":{"footnotes":""},"categories":[36],"tags":[],"class_list":["post-87952","post","type-post","status-publish","format-standard","has-post-thumbnail","hentry","category-edomex"],"_links":{"self":[{"href":"https:\/\/elinformante.mx\/index.php?rest_route=\/wp\/v2\/posts\/87952","targetHints":{"allow":["GET"]}}],"collection":[{"href":"https:\/\/elinformante.mx\/index.php?rest_route=\/wp\/v2\/posts"}],"about":[{"href":"https:\/\/elinformante.mx\/index.php?rest_route=\/wp\/v2\/types\/post"}],"author":[{"embeddable":true,"href":"https:\/\/elinformante.mx\/index.php?rest_route=\/wp\/v2\/users\/1"}],"replies":[{"embeddable":true,"href":"https:\/\/elinformante.mx\/index.php?rest_route=%2Fwp%2Fv2%2Fcomments&post=87952"}],"version-history":[{"count":0,"href":"https:\/\/elinformante.mx\/index.php?rest_route=\/wp\/v2\/posts\/87952\/revisions"}],"wp:featuredmedia":[{"embeddable":true,"href":"https:\/\/elinformante.mx\/index.php?rest_route=\/wp\/v2\/media\/87953"}],"wp:attachment":[{"href":"https:\/\/elinformante.mx\/index.php?rest_route=%2Fwp%2Fv2%2Fmedia&parent=87952"}],"wp:term":[{"taxonomy":"category","embeddable":true,"href":"https:\/\/elinformante.mx\/index.php?rest_route=%2Fwp%2Fv2%2Fcategories&post=87952"},{"taxonomy":"post_tag","embeddable":true,"href":"https:\/\/elinformante.mx\/index.php?rest_route=%2Fwp%2Fv2%2Ftags&post=87952"}],"curies":[{"name":"wp","href":"https:\/\/api.w.org\/{rel}","templated":true}]}}