{"id":87960,"date":"2025-07-11T06:13:22","date_gmt":"2025-07-11T12:13:22","guid":{"rendered":"https:\/\/elinformante.mx\/?p=87960"},"modified":"2025-07-11T06:13:24","modified_gmt":"2025-07-11T12:13:24","slug":"difunde-el-ieem-los-resultados-de-la-consulta-infantil-y-juvenil-2023-en-ocuilan","status":"publish","type":"post","link":"https:\/\/elinformante.mx\/?p=87960","title":{"rendered":"Difunde el IEEM los resultados de la Consulta Infantil y Juvenil 2023 en Ocuilan"},"content":{"rendered":"\n<figure class=\"wp-block-pullquote\"><blockquote><p>-Este espacio es un reconocimiento al derecho de ni\u00f1as, ni\u00f1os y adolescentes a expresar libremente sus opiniones.<\/p><\/blockquote><\/figure>\n\n\n\n<p class=\"has-drop-cap\">En la plaza principal de Ocuilan, el Instituto Electoral del Estado de M\u00e9xico (IEEM), a trav\u00e9s de la Direcci\u00f3n de Participaci\u00f3n Ciudadana (DPC), difundi\u00f3 los resultados de la Consulta Infantil y Juvenil 2023 (CIJ-2023).<br><\/p>\n\n\n\n<p>Rommel Ulises Tob\u00edas Mart\u00ednez, Coordinador de Educaci\u00f3n C\u00edvica de la DPC del IEEM, destac\u00f3 que esta demarcaci\u00f3n cont\u00f3 con la participaci\u00f3n del 25% de Ni\u00f1as, Ni\u00f1os y Adolescentes (NNA), lo cual equivale a 3 mil 770 NNA que expresaron sus anhelos y preferencias en las boletas de participaci\u00f3n del ejercicio. Por otra parte, se\u00f1al\u00f3 que la realizaci\u00f3n de estos eventos promueve acciones en beneficio de la ni\u00f1ez.<br><\/p>\n\n\n\n<p>En su intervenci\u00f3n, Juan Gabriel Guerra Rodr\u00edguez, Jefe de Departamento de Desarrollo de la Democracia y de Cultura Pol\u00edtica Democr\u00e1tica y Educaci\u00f3n C\u00edvica de la DPC del IEEM coment\u00f3 las respuestas a las 12 preguntas que conforman la CIJ-2023 sobre temas de los \u00e1mbitos educativo, social, cultural, familiar, legislativo y de procuraci\u00f3n. Subray\u00f3 que las preocupaciones de los NNA de Ocuilan est\u00e1n centradas en mejorar su calidad de vida en lo cotidiano; en la construcci\u00f3n de un entorno seguro, pero, sobre todo, en recibir educaci\u00f3n de calidad.<br><\/p>\n\n\n\n<p>Juan Gordillo Abundis, presidente municipal de Ocuilan, dio la bienvenida a las y los representantes de las instituciones a quienes dirigi\u00f3 un mensaje: \u201cEste espacio es un reconocimiento al derecho de ni\u00f1as, ni\u00f1os y adolescentes a expresar libremente sus opiniones; a ser escuchados y tomados en cuenta en todos los asuntos p\u00fablicos que les afectan. Hoy estamos aqu\u00ed para honrar ese derecho y fortalecer el ejercicio de su participaci\u00f3n ciudadana\u201d, expres\u00f3.<br><\/p>\n\n\n\n<p>Los resultados de la Consulta Infantil y Juvenil 2023 cuentan con libre acceso y la ciudadan\u00eda interesada en conocerlos puede ingresar a trav\u00e9s de la siguiente liga: https:\/\/www.ieem.org.mx\/consultaIJ2023\/.<\/p>\n","protected":false},"excerpt":{"rendered":"<p>-Este espacio es un reconocimiento al derecho de ni\u00f1as, ni\u00f1os y adolescentes a expresar libremente sus opiniones. En la plaza principal de Ocuilan, el Instituto Electoral del Estado de M\u00e9xico (IEEM), a trav\u00e9s de la Direcci\u00f3n de Participaci\u00f3n Ciudadana (DPC), difundi\u00f3 los resultados de la Consulta Infantil y Juvenil 2023 (CIJ-2023). Rommel Ulises Tob\u00edas Mart\u00ednez, [&hellip;]<\/p>\n","protected":false},"author":1,"featured_media":87961,"comment_status":"closed","ping_status":"closed","sticky":false,"template":"","format":"standard","meta":{"footnotes":""},"categories":[36],"tags":[],"class_list":["post-87960","post","type-post","status-publish","format-standard","has-post-thumbnail","hentry","category-edomex"],"_links":{"self":[{"href":"https:\/\/elinformante.mx\/index.php?rest_route=\/wp\/v2\/posts\/87960","targetHints":{"allow":["GET"]}}],"collection":[{"href":"https:\/\/elinformante.mx\/index.php?rest_route=\/wp\/v2\/posts"}],"about":[{"href":"https:\/\/elinformante.mx\/index.php?rest_route=\/wp\/v2\/types\/post"}],"author":[{"embeddable":true,"href":"https:\/\/elinformante.mx\/index.php?rest_route=\/wp\/v2\/users\/1"}],"replies":[{"embeddable":true,"href":"https:\/\/elinformante.mx\/index.php?rest_route=%2Fwp%2Fv2%2Fcomments&post=87960"}],"version-history":[{"count":0,"href":"https:\/\/elinformante.mx\/index.php?rest_route=\/wp\/v2\/posts\/87960\/revisions"}],"wp:featuredmedia":[{"embeddable":true,"href":"https:\/\/elinformante.mx\/index.php?rest_route=\/wp\/v2\/media\/87961"}],"wp:attachment":[{"href":"https:\/\/elinformante.mx\/index.php?rest_route=%2Fwp%2Fv2%2Fmedia&parent=87960"}],"wp:term":[{"taxonomy":"category","embeddable":true,"href":"https:\/\/elinformante.mx\/index.php?rest_route=%2Fwp%2Fv2%2Fcategories&post=87960"},{"taxonomy":"post_tag","embeddable":true,"href":"https:\/\/elinformante.mx\/index.php?rest_route=%2Fwp%2Fv2%2Ftags&post=87960"}],"curies":[{"name":"wp","href":"https:\/\/api.w.org\/{rel}","templated":true}]}}