{"id":87963,"date":"2025-07-11T06:16:58","date_gmt":"2025-07-11T12:16:58","guid":{"rendered":"https:\/\/elinformante.mx\/?p=87963"},"modified":"2025-07-11T06:17:01","modified_gmt":"2025-07-11T12:17:01","slug":"habilita-uaemex-micrositio-para-conocer-perfil-de-las-aspirantes-a-la-rectoria","status":"publish","type":"post","link":"https:\/\/elinformante.mx\/?p=87963","title":{"rendered":"Habilita UAEM\u00e9x micrositio para conocer perfil de las aspirantes a la Rector\u00eda"},"content":{"rendered":"\n<figure class=\"wp-block-pullquote\"><blockquote><p>En el micrositio se puede consultar el plan de trabajo de cada una de las aspirantes.<\/p><\/blockquote><\/figure>\n\n\n\n<p class=\"has-drop-cap\">La Universidad Aut\u00f3noma del Estado de M\u00e9xico (UAEM\u00e9x habilit\u00f3 un micrositio para conocer el perfil de las cinco aspirantes a la rector\u00eda universitaria para el periodo 2025-2029.<br><\/p>\n\n\n\n<p>Como parte de la modificaci\u00f3n de las bases para dicho proceso, del 10 al 14 de julio se habilita el micrositio: https:\/\/aspirantes.uaemex.mx, en el que la comunidad universitaria podr\u00e1 consultar las propuestas destacadas y el plan de trabajo de cada una de las aspirantes a la rector\u00eda de la M\u00e1xima Casa de Estudios mexiquense.<br><\/p>\n\n\n\n<p>El prop\u00f3sito de dicha plataforma digital, es que los tres sectores de la comunidad universitaria, conformada por estudiantes, docentes y personal administrativo, pueda tener conocimiento de qui\u00e9nes participan y cu\u00e1les son sus propuestas de trabajo para encabezar la rector\u00eda universitaria, ya que dentro de las mismas bases, se prohibi\u00f3 que las aspirantes puedan realizar cualquier actividad de promoci\u00f3n previo a la jornada electoral del martes 15 de julio.<br><\/p>\n\n\n\n<p>En las bases originales de la convocatoria a la elecci\u00f3n de rector\u00eda de la UAEM\u00e9x, las aspirantes ten\u00edan prohibido gestionar entrevistas con medios de comunicaci\u00f3n, las cuales en su totalidad fueron asignadas por la Direcci\u00f3n General de Comunicaci\u00f3n Universitaria.<br><\/p>\n\n\n\n<p>Adem\u00e1s, desde el 30 de abril -fecha en que concluyeron las jornadas de promoci\u00f3n de las aspirantes-, la misma convocatoria oblig\u00f3 a las aspirantes a eliminar las redes sociales que se hab\u00edan creado exprofeso para este proceso electivo; asimismo, se determin\u00f3 inhabilitar sus portales de internet, en los que se promocionaron sus planes de trabajo durante las campa\u00f1as universitarias.<br><\/p>\n\n\n\n<figure class=\"wp-block-image size-large\"><img fetchpriority=\"high\" decoding=\"async\" width=\"1024\" height=\"506\" src=\"https:\/\/elinformante.mx\/wp-content\/uploads\/2025\/07\/10uaemex-6-1024x506.jpg\" alt=\"\" class=\"wp-image-87965\" srcset=\"https:\/\/elinformante.mx\/wp-content\/uploads\/2025\/07\/10uaemex-6-1024x506.jpg 1024w, https:\/\/elinformante.mx\/wp-content\/uploads\/2025\/07\/10uaemex-6-300x148.jpg 300w, https:\/\/elinformante.mx\/wp-content\/uploads\/2025\/07\/10uaemex-6-768x379.jpg 768w, https:\/\/elinformante.mx\/wp-content\/uploads\/2025\/07\/10uaemex-6.jpg 1140w\" sizes=\"(max-width: 1024px) 100vw, 1024px\" \/><\/figure>\n\n\n\n<p>Esa misma disposici\u00f3n de veda electoral se mantuvo vigente, con la reanudaci\u00f3n del proceso electivo, el cual suspendi\u00f3 su conclusi\u00f3n, derivado del paro estudiantil establecido en m\u00e1s de veinte espacios acad\u00e9micos.<br><\/p>\n\n\n\n<p>En el micrositio habilitado por la administraci\u00f3n central, se puede consultar el plan de trabajo de cada una de las aspirantes; adem\u00e1s de cualidades acad\u00e9micas y profesionales a fin de que la comunidad universitaria est\u00e9 informada para orientar su criterio al emitir su voto.<br><\/p>\n\n\n\n<p>Tambi\u00e9n se ha dispuesto de la difusi\u00f3n del video sobre la presentaci\u00f3n individual que tuvieron las aspirantes a la rector\u00eda -todav\u00eda en el mes de abril-, a trav\u00e9s del canal de Youtube de UAEMex TV.<br><\/p>\n\n\n\n<p>Una vez finalizado el periodo de difusi\u00f3n el micrositio quedar\u00e1 inhabilitado, es decir, a la medianoche del lunes 14 de julio.<br><\/p>\n\n\n\n<p>La jornada electoral se realizar\u00e1 el martes 14 de julio, ya sea de manera f\u00edsica y presencial en aquellos espacios acad\u00e9micos que no est\u00e9n en paro estudiantil y se encuentre en condiciones de desarrollar la votaci\u00f3n; o bien, a trav\u00e9s del voto electr\u00f3nico para aquellos espacios en que prevalece la suspensi\u00f3n de labores.<\/p>\n","protected":false},"excerpt":{"rendered":"<p>En el micrositio se puede consultar el plan de trabajo de cada una de las aspirantes. La Universidad Aut\u00f3noma del Estado de M\u00e9xico (UAEM\u00e9x habilit\u00f3 un micrositio para conocer el perfil de las cinco aspirantes a la rector\u00eda universitaria para el periodo 2025-2029. Como parte de la modificaci\u00f3n de las bases para dicho proceso, del [&hellip;]<\/p>\n","protected":false},"author":1,"featured_media":87964,"comment_status":"closed","ping_status":"closed","sticky":false,"template":"","format":"standard","meta":{"footnotes":""},"categories":[30,36],"tags":[],"class_list":["post-87963","post","type-post","status-publish","format-standard","has-post-thumbnail","hentry","category-destacado","category-edomex"],"_links":{"self":[{"href":"https:\/\/elinformante.mx\/index.php?rest_route=\/wp\/v2\/posts\/87963","targetHints":{"allow":["GET"]}}],"collection":[{"href":"https:\/\/elinformante.mx\/index.php?rest_route=\/wp\/v2\/posts"}],"about":[{"href":"https:\/\/elinformante.mx\/index.php?rest_route=\/wp\/v2\/types\/post"}],"author":[{"embeddable":true,"href":"https:\/\/elinformante.mx\/index.php?rest_route=\/wp\/v2\/users\/1"}],"replies":[{"embeddable":true,"href":"https:\/\/elinformante.mx\/index.php?rest_route=%2Fwp%2Fv2%2Fcomments&post=87963"}],"version-history":[{"count":0,"href":"https:\/\/elinformante.mx\/index.php?rest_route=\/wp\/v2\/posts\/87963\/revisions"}],"wp:featuredmedia":[{"embeddable":true,"href":"https:\/\/elinformante.mx\/index.php?rest_route=\/wp\/v2\/media\/87964"}],"wp:attachment":[{"href":"https:\/\/elinformante.mx\/index.php?rest_route=%2Fwp%2Fv2%2Fmedia&parent=87963"}],"wp:term":[{"taxonomy":"category","embeddable":true,"href":"https:\/\/elinformante.mx\/index.php?rest_route=%2Fwp%2Fv2%2Fcategories&post=87963"},{"taxonomy":"post_tag","embeddable":true,"href":"https:\/\/elinformante.mx\/index.php?rest_route=%2Fwp%2Fv2%2Ftags&post=87963"}],"curies":[{"name":"wp","href":"https:\/\/api.w.org\/{rel}","templated":true}]}}