{"id":87967,"date":"2025-07-11T06:21:37","date_gmt":"2025-07-11T12:21:37","guid":{"rendered":"https:\/\/elinformante.mx\/?p=87967"},"modified":"2025-07-11T06:21:39","modified_gmt":"2025-07-11T12:21:39","slug":"difem-ofrece-curso-de-verano-con-cine-teatro-y-reposteria-para-ninas-ninos-y-adolescentes","status":"publish","type":"post","link":"https:\/\/elinformante.mx\/?p=87967","title":{"rendered":"DIFEM ofrece curso de verano con cine, teatro y reposter\u00eda para ni\u00f1as, ni\u00f1os y adolescentes"},"content":{"rendered":"\n<figure class=\"wp-block-pullquote\"><blockquote><p>-Se realizar\u00e1 del 4 al 22 de agosto, podr\u00e1n participar en actividades gratuitas en las bibliotecas Infantil y Juvenil y Sor Juana In\u00e9s de la Cruz en la ciudad de Toluca.<\/p><\/blockquote><\/figure>\n\n\n\n<p class=\"has-drop-cap\">Con el prop\u00f3sito de ofrecer a ni\u00f1as, ni\u00f1os y adolescentes un espacio para aprender, crear y divertirse durante las vacaciones, el Sistema para el Desarrollo Integral de la Familia del Estado de M\u00e9xico (DIFEM) invita al Curso de Verano 2025 que se llevar\u00e1 a cabo en sus bibliotecas Infantil y Juvenil, as\u00ed como en la Sor Juana In\u00e9s de la Cruz en la capital mexiquense.<br><\/p>\n\n\n\n<p>Este programa forma parte de las acciones que impulsa el Gobierno de la Maestra Delfina G\u00f3mez \u00c1lvarez para promover el desarrollo integral de la ni\u00f1ez mexiquense, el fortalecimiento del tejido familiar y la apropiaci\u00f3n de los espacios p\u00fablicos.<br><\/p>\n\n\n\n<p>De acuerdo con Karina Labastida Sotelo, Directora General del DIFEM, este tipo de actividades cobra especial relevancia al fomentar el desarrollo f\u00edsico, cognitivo y emocional de las infancias, al tiempo que refuerza h\u00e1bitos positivos como la lectura por placer.<br><\/p>\n\n\n\n<p>El curso se realizar\u00e1 del 4 al 22 de agosto en un horario de 9:30 a 14:30 horas, con una amplia oferta de actividades l\u00fadicas y formativas como talleres de fomento a la lectura, cuenta cuentos, reposter\u00eda, teatro, ciclos de cine, visitas a empresas y manualidades.<br><\/p>\n\n\n\n<h2 class=\"wp-block-heading\">Tem\u00e1ticas por sede:<br><\/h2>\n\n\n\n<ul class=\"wp-block-list\">\n<li>Biblioteca Infantil y Juvenil: \u201cUn verano en Haw\u00e1i\u201d,<br><\/li>\n\n\n\n<li>Direcci\u00f3n: Andr\u00e9s Quintana Roo esquina con Ezequiel Ord\u00f3\u00f1ez, colonia La Merced.<br><\/li>\n\n\n\n<li>Biblioteca Sor Juana In\u00e9s de la Cruz: \u201cVillanos no tan villanos de Disney\u201d<br><\/li>\n\n\n\n<li>Direcci\u00f3n: \u00c1lvaro Obreg\u00f3n esquina con Puerto de Palos, colonia Isidro Fabela.<br><\/li>\n<\/ul>\n\n\n\n<h2 class=\"wp-block-heading\">Requisitos de inscripci\u00f3n:<br><\/h2>\n\n\n\n<ul class=\"wp-block-list\">\n<li>Copia del CURP del menor, copia del INE del padre, madre o tutor responsable y firma de carta responsiva.<\/li>\n<\/ul>\n\n\n\n<p>El periodo de inscripci\u00f3n presencial ser\u00e1 del 10 al 12 de julio, de 9:30 a 14:00 horas en las instalaciones de las sedes. Tambi\u00e9n se podr\u00e1 realizar el registro v\u00eda correo electr\u00f3nico, escribiendo a: subdirecciondeeducativos@gmail.com<\/p>\n","protected":false},"excerpt":{"rendered":"<p>-Se realizar\u00e1 del 4 al 22 de agosto, podr\u00e1n participar en actividades gratuitas en las bibliotecas Infantil y Juvenil y Sor Juana In\u00e9s de la Cruz en la ciudad de Toluca. Con el prop\u00f3sito de ofrecer a ni\u00f1as, ni\u00f1os y adolescentes un espacio para aprender, crear y divertirse durante las vacaciones, el Sistema para el [&hellip;]<\/p>\n","protected":false},"author":1,"featured_media":87968,"comment_status":"closed","ping_status":"closed","sticky":false,"template":"","format":"standard","meta":{"footnotes":""},"categories":[36],"tags":[],"class_list":["post-87967","post","type-post","status-publish","format-standard","has-post-thumbnail","hentry","category-edomex"],"_links":{"self":[{"href":"https:\/\/elinformante.mx\/index.php?rest_route=\/wp\/v2\/posts\/87967","targetHints":{"allow":["GET"]}}],"collection":[{"href":"https:\/\/elinformante.mx\/index.php?rest_route=\/wp\/v2\/posts"}],"about":[{"href":"https:\/\/elinformante.mx\/index.php?rest_route=\/wp\/v2\/types\/post"}],"author":[{"embeddable":true,"href":"https:\/\/elinformante.mx\/index.php?rest_route=\/wp\/v2\/users\/1"}],"replies":[{"embeddable":true,"href":"https:\/\/elinformante.mx\/index.php?rest_route=%2Fwp%2Fv2%2Fcomments&post=87967"}],"version-history":[{"count":0,"href":"https:\/\/elinformante.mx\/index.php?rest_route=\/wp\/v2\/posts\/87967\/revisions"}],"wp:featuredmedia":[{"embeddable":true,"href":"https:\/\/elinformante.mx\/index.php?rest_route=\/wp\/v2\/media\/87968"}],"wp:attachment":[{"href":"https:\/\/elinformante.mx\/index.php?rest_route=%2Fwp%2Fv2%2Fmedia&parent=87967"}],"wp:term":[{"taxonomy":"category","embeddable":true,"href":"https:\/\/elinformante.mx\/index.php?rest_route=%2Fwp%2Fv2%2Fcategories&post=87967"},{"taxonomy":"post_tag","embeddable":true,"href":"https:\/\/elinformante.mx\/index.php?rest_route=%2Fwp%2Fv2%2Ftags&post=87967"}],"curies":[{"name":"wp","href":"https:\/\/api.w.org\/{rel}","templated":true}]}}