{"id":87970,"date":"2025-07-11T06:23:21","date_gmt":"2025-07-11T12:23:21","guid":{"rendered":"https:\/\/elinformante.mx\/?p=87970"},"modified":"2025-07-11T06:23:23","modified_gmt":"2025-07-11T12:23:23","slug":"capacita-gem-a-profesionales-del-sector-publico-y-privado-en-prevencion-del-suicidio","status":"publish","type":"post","link":"https:\/\/elinformante.mx\/?p=87970","title":{"rendered":"Capacita GEM a profesionales del sector p\u00fablico y privado en prevenci\u00f3n del suicidio"},"content":{"rendered":"\n<figure class=\"wp-block-pullquote\"><blockquote><p>-Imparten cursos especialistas de la UNAM; reconocen que el suicidio es un problema de salud p\u00fablica.<\/p><\/blockquote><\/figure>\n\n\n\n<p class=\"has-drop-cap\">Para fortalecer las capacidades cl\u00ednicas del personal m\u00e9dico y psicol\u00f3gico en torno a la salud mental, el Gobierno del Estado de M\u00e9xico realiz\u00f3 la capacitaci\u00f3n \u201cPr\u00e1cticas Basadas en la Evidencia para la Prevenci\u00f3n del Suicidio\u201d, con la participaci\u00f3n de especialistas de la Universidad Nacional Aut\u00f3noma de M\u00e9xico (UNAM).<br><\/p>\n\n\n\n<p>El curso fue dirigido a 200 profesionales del sector salud p\u00fablico y privado, adscritos a instituciones como los Centros Comunitarios de Salud Mental y Adicciones (CECOSAMA), DIF Naucalpan, Centros de Integraci\u00f3n Juvenil, centros penitenciarios y el Instituto de Juventudes Naucalpenses. La sede fue la Universidad del Valle de M\u00e9xico, campus Lomas Verdes.<br><\/p>\n\n\n\n<p>Organizada por la Secretar\u00eda de Salud del Estado de M\u00e9xico, a trav\u00e9s del Instituto Mexiquense de Salud Mental y Adicciones (IMSAMA), la capacitaci\u00f3n abord\u00f3 temas como evaluaci\u00f3n funcional de la conducta suicida, identificaci\u00f3n de factores de riesgo, se\u00f1ales de advertencia, habilidades de comunicaci\u00f3n, as\u00ed como teor\u00edas y modelos explicativos del suicidio.<br><\/p>\n\n\n\n<p>En representaci\u00f3n Macarena Montoya Olvera, titular de Salud, Erick Urrutia Favila, Director de Servicios de Salud del Instituto de Salud del Estado de M\u00e9xico (ISEM) subray\u00f3 que el suicidio es un fen\u00f3meno que impacta de manera directa a las familias y al tejido social, y que debe ser atendido como una prioridad de salud p\u00fablica, considerando que a nivel mundial ocurre una muerte autoinfligida cada 40 segundos y que el 77 por ciento de los casos se registran en pa\u00edses de ingresos bajos y medianos.<br><\/p>\n\n\n\n<p>Ra\u00fal Naveda L\u00f3pez-Padilla, Titular del IMSAMA, destac\u00f3 que hablar de prevenci\u00f3n basada en evidencia no es solo un imperativo t\u00e9cnico o acad\u00e9mico: es un acto \u00e9tico, es una responsabilidad colectiva y, sobre todo, es una muestra de que a\u00fan creemos que es posible ofrecer esperanza cuando todo parece perdido.<br><\/p>\n\n\n\n<p>La jornada formativa tambi\u00e9n permiti\u00f3 avanzar en la construcci\u00f3n de redes interinstitucionales de atenci\u00f3n en salud mental, as\u00ed como ofrecer herramientas pr\u00e1cticas y actualizadas al personal que atiende a poblaci\u00f3n vulnerable.<br><\/p>\n\n\n\n<p>En el evento participaron representantes del Instituto de Salud del Estado de M\u00e9xico (ISEM), la Facultad de Psicolog\u00eda de la UNAM, la Universidad del Valle de M\u00e9xico, as\u00ed como directivos de instituciones de educaci\u00f3n media superior y superior.<br><\/p>\n\n\n\n<p>Con este esfuerzo, el Gobierno estatal busca consolidar un enfoque integral, profesional y humanizado en la atenci\u00f3n de la salud mental en la entidad.<\/p>\n","protected":false},"excerpt":{"rendered":"<p>-Imparten cursos especialistas de la UNAM; reconocen que el suicidio es un problema de salud p\u00fablica. Para fortalecer las capacidades cl\u00ednicas del personal m\u00e9dico y psicol\u00f3gico en torno a la salud mental, el Gobierno del Estado de M\u00e9xico realiz\u00f3 la capacitaci\u00f3n \u201cPr\u00e1cticas Basadas en la Evidencia para la Prevenci\u00f3n del Suicidio\u201d, con la participaci\u00f3n de [&hellip;]<\/p>\n","protected":false},"author":1,"featured_media":87971,"comment_status":"closed","ping_status":"closed","sticky":false,"template":"","format":"standard","meta":{"footnotes":""},"categories":[1],"tags":[],"class_list":["post-87970","post","type-post","status-publish","format-standard","has-post-thumbnail","hentry","category-sin-categoria"],"_links":{"self":[{"href":"https:\/\/elinformante.mx\/index.php?rest_route=\/wp\/v2\/posts\/87970","targetHints":{"allow":["GET"]}}],"collection":[{"href":"https:\/\/elinformante.mx\/index.php?rest_route=\/wp\/v2\/posts"}],"about":[{"href":"https:\/\/elinformante.mx\/index.php?rest_route=\/wp\/v2\/types\/post"}],"author":[{"embeddable":true,"href":"https:\/\/elinformante.mx\/index.php?rest_route=\/wp\/v2\/users\/1"}],"replies":[{"embeddable":true,"href":"https:\/\/elinformante.mx\/index.php?rest_route=%2Fwp%2Fv2%2Fcomments&post=87970"}],"version-history":[{"count":0,"href":"https:\/\/elinformante.mx\/index.php?rest_route=\/wp\/v2\/posts\/87970\/revisions"}],"wp:featuredmedia":[{"embeddable":true,"href":"https:\/\/elinformante.mx\/index.php?rest_route=\/wp\/v2\/media\/87971"}],"wp:attachment":[{"href":"https:\/\/elinformante.mx\/index.php?rest_route=%2Fwp%2Fv2%2Fmedia&parent=87970"}],"wp:term":[{"taxonomy":"category","embeddable":true,"href":"https:\/\/elinformante.mx\/index.php?rest_route=%2Fwp%2Fv2%2Fcategories&post=87970"},{"taxonomy":"post_tag","embeddable":true,"href":"https:\/\/elinformante.mx\/index.php?rest_route=%2Fwp%2Fv2%2Ftags&post=87970"}],"curies":[{"name":"wp","href":"https:\/\/api.w.org\/{rel}","templated":true}]}}