{"id":87973,"date":"2025-07-11T06:24:48","date_gmt":"2025-07-11T12:24:48","guid":{"rendered":"https:\/\/elinformante.mx\/?p=87973"},"modified":"2025-07-11T06:25:02","modified_gmt":"2025-07-11T12:25:02","slug":"cierra-sedui-curso-de-desarrollo-urbano-dirigido-a-servidores-municipales","status":"publish","type":"post","link":"https:\/\/elinformante.mx\/?p=87973","title":{"rendered":"Cierra Sedui curso de desarrollo urbano dirigido a servidores municipales"},"content":{"rendered":"\n<figure class=\"wp-block-pullquote\"><blockquote><p>-Capacitar\u00e1 a las personas responsables de planeaci\u00f3n, obras y servicios urbanos en los 125 municipios del Estado de M\u00e9xico.<\/p><\/blockquote><\/figure>\n\n\n\n<p class=\"has-drop-cap\">El Gobierno del Estado de M\u00e9xico, a trav\u00e9s de la Secretar\u00eda de Desarrollo Urbano e Infraestructura (Sedui), recuerda a las y los servidores p\u00fablicos municipales que el domingo 13 de julio, a las 20:00 horas, cierra el registro al Curso de Desarrollo Urbano, Metropolitano e Infraestructura para Municipios. El registro est\u00e1 disponible en: https:\/\/sedui.edomex.gob.mx\/.<br><\/p>\n\n\n\n<p>Carlos Maza Lara, titular de la Sedui, se\u00f1al\u00f3 que este curso es una iniciativa que reafirma la vocaci\u00f3n municipalista de la Gobernadora Delfina G\u00f3mez \u00c1lvarez, as\u00ed como su compromiso con la profesionalizaci\u00f3n permanente del servicio p\u00fablico, para que las familias mexiquenses accedan a tr\u00e1mites y servicios m\u00e1s \u00e1giles, adem\u00e1s de obras p\u00fablicas funcionales y de calidad.<br><\/p>\n\n\n\n<p>El curso iniciar\u00e1 el lunes 14 de julio y concluir\u00e1 el 5 de septiembre de 2025. Esta capacitaci\u00f3n en l\u00ednea tiene como objetivo brindar a los responsables de los 125 ayuntamientos de la entidad herramientas y conocimientos actualizados sobre tr\u00e1mites y servicios urbanos, con el fin de ofrecer atenci\u00f3n de calidad y procesos m\u00e1s eficientes para la ciudadan\u00eda.<br><\/p>\n\n\n\n<p>El programa de estudios abarcar\u00e1 temas fundamentales como la planeaci\u00f3n, el ordenamiento y el control urbano, as\u00ed como aspectos clave en la construcci\u00f3n de infraestructura y obras p\u00fablicas.<br><\/p>\n\n\n\n<p>Tambi\u00e9n se abordar\u00e1 la relevancia de los servicios que ofrece la Comisi\u00f3n de Impacto Estatal (Coime) para proyectos de inversi\u00f3n de alto impacto, y el apoyo del Instituto Mexiquense de la Vivienda Social (Imevis) en la regularizaci\u00f3n de la tenencia de la tierra.<br><\/p>\n\n\n\n<p>Esta coordinaci\u00f3n interinstitucional es indispensable para construir comunidades m\u00e1s habitables y atractivas para la inversi\u00f3n, optimizando la gesti\u00f3n p\u00fablica y garantizando decisiones informadas y eficientes en materia de desarrollo urbano, en beneficio directo de la poblaci\u00f3n.<\/p>\n","protected":false},"excerpt":{"rendered":"<p>-Capacitar\u00e1 a las personas responsables de planeaci\u00f3n, obras y servicios urbanos en los 125 municipios del Estado de M\u00e9xico. El Gobierno del Estado de M\u00e9xico, a trav\u00e9s de la Secretar\u00eda de Desarrollo Urbano e Infraestructura (Sedui), recuerda a las y los servidores p\u00fablicos municipales que el domingo 13 de julio, a las 20:00 horas, cierra [&hellip;]<\/p>\n","protected":false},"author":1,"featured_media":87974,"comment_status":"closed","ping_status":"closed","sticky":false,"template":"","format":"standard","meta":{"footnotes":""},"categories":[30,36,31],"tags":[],"class_list":["post-87973","post","type-post","status-publish","format-standard","has-post-thumbnail","hentry","category-destacado","category-edomex","category-portada"],"_links":{"self":[{"href":"https:\/\/elinformante.mx\/index.php?rest_route=\/wp\/v2\/posts\/87973","targetHints":{"allow":["GET"]}}],"collection":[{"href":"https:\/\/elinformante.mx\/index.php?rest_route=\/wp\/v2\/posts"}],"about":[{"href":"https:\/\/elinformante.mx\/index.php?rest_route=\/wp\/v2\/types\/post"}],"author":[{"embeddable":true,"href":"https:\/\/elinformante.mx\/index.php?rest_route=\/wp\/v2\/users\/1"}],"replies":[{"embeddable":true,"href":"https:\/\/elinformante.mx\/index.php?rest_route=%2Fwp%2Fv2%2Fcomments&post=87973"}],"version-history":[{"count":0,"href":"https:\/\/elinformante.mx\/index.php?rest_route=\/wp\/v2\/posts\/87973\/revisions"}],"wp:featuredmedia":[{"embeddable":true,"href":"https:\/\/elinformante.mx\/index.php?rest_route=\/wp\/v2\/media\/87974"}],"wp:attachment":[{"href":"https:\/\/elinformante.mx\/index.php?rest_route=%2Fwp%2Fv2%2Fmedia&parent=87973"}],"wp:term":[{"taxonomy":"category","embeddable":true,"href":"https:\/\/elinformante.mx\/index.php?rest_route=%2Fwp%2Fv2%2Fcategories&post=87973"},{"taxonomy":"post_tag","embeddable":true,"href":"https:\/\/elinformante.mx\/index.php?rest_route=%2Fwp%2Fv2%2Ftags&post=87973"}],"curies":[{"name":"wp","href":"https:\/\/api.w.org\/{rel}","templated":true}]}}