{"id":87976,"date":"2025-07-11T06:30:18","date_gmt":"2025-07-11T12:30:18","guid":{"rendered":"https:\/\/elinformante.mx\/?p=87976"},"modified":"2025-07-11T06:30:21","modified_gmt":"2025-07-11T12:30:21","slug":"alistan-delfina-gomez-y-aeropuerto-de-toluca-acciones-para-garantizar-la-seguridad-en-mundial-de-futbol-2026","status":"publish","type":"post","link":"https:\/\/elinformante.mx\/?p=87976","title":{"rendered":"Alistan Delfina G\u00f3mez y Aeropuerto de Toluca acciones para garantizar la seguridad en Mundial de F\u00fatbol 2026"},"content":{"rendered":"\n<figure class=\"wp-block-pullquote\"><blockquote><p>-Durante la reuni\u00f3n participaron los Directores Generales del AICM y AIT para implementar y garantizar la seguridad de los visitantes y las delegaciones.<\/p><\/blockquote><\/figure>\n\n\n\n<p class=\"has-drop-cap\">En el marco de los preparativos para el Mundial de F\u00fatbol 2026, la Gobernadora del Estado de M\u00e9xico, Delfina G\u00f3mez \u00c1lvarez encabez\u00f3 la Mesa de Coordinaci\u00f3n para la Construcci\u00f3n de la Paz desde el Aeropuerto Internacional de Toluca (AIT).<br><\/p>\n\n\n\n<p>\u201cEn esta reuni\u00f3n abordamos las necesidades y las rutas de trabajo que, de manera conjunta, estaremos implementando para garantizar la seguridad de los visitantes, as\u00ed como la correcta operaci\u00f3n del aeropuerto en torno al pr\u00f3ximo Mundial de F\u00fatbol\u201d, se\u00f1al\u00f3 la Gobernadora Delfina G\u00f3mez \u00c1lvarez en sus redes sociales.<br><\/p>\n\n\n\n<figure class=\"wp-block-image size-large\"><img fetchpriority=\"high\" decoding=\"async\" width=\"1024\" height=\"506\" src=\"https:\/\/elinformante.mx\/wp-content\/uploads\/2025\/07\/8delfina-2-1-1024x506.jpg\" alt=\"\" class=\"wp-image-87978\" srcset=\"https:\/\/elinformante.mx\/wp-content\/uploads\/2025\/07\/8delfina-2-1-1024x506.jpg 1024w, https:\/\/elinformante.mx\/wp-content\/uploads\/2025\/07\/8delfina-2-1-300x148.jpg 300w, https:\/\/elinformante.mx\/wp-content\/uploads\/2025\/07\/8delfina-2-1-768x379.jpg 768w, https:\/\/elinformante.mx\/wp-content\/uploads\/2025\/07\/8delfina-2-1.jpg 1140w\" sizes=\"(max-width: 1024px) 100vw, 1024px\" \/><\/figure>\n\n\n\n<p>Durante el encuentro, se dio seguimiento a la estrategia conjunta de los tres \u00f3rdenes de Gobierno, que busca garantizar una recepci\u00f3n segura y eficiente para los miles de turistas y delegaciones provenientes de hasta 180 pa\u00edses, quienes arribar\u00e1n a trav\u00e9s del AIT, el Aeropuerto Internacional Felipe \u00c1ngeles (AIFA), el Aeropuerto Internacional de la Ciudad de M\u00e9xico (AICM) y la terminal de Cuernavaca.<br><\/p>\n\n\n\n<p>\u201cHoy nos acompa\u00f1aron directivos del Grupo Aeroportuario de Marina en el Estado de M\u00e9xico: el Almirante Juan Jos\u00e9 Padilla Olmos, Director General del Aeropuerto Internacional de Toluca, Almirante Jos\u00e9 Carlos Vera Vidal, y la Directora Jur\u00eddica del Grupo Aeroportuario de Marina, Maestra Alejandra Mendieta Bustos\u201d, refiri\u00f3 la Gobernadora Delfina G\u00f3mez \u00c1lvarez.<br><\/p>\n\n\n\n<figure class=\"wp-block-image size-large\"><img decoding=\"async\" width=\"1024\" height=\"506\" src=\"https:\/\/elinformante.mx\/wp-content\/uploads\/2025\/07\/8delfina-4-1024x506.jpg\" alt=\"\" class=\"wp-image-87979\" srcset=\"https:\/\/elinformante.mx\/wp-content\/uploads\/2025\/07\/8delfina-4-1024x506.jpg 1024w, https:\/\/elinformante.mx\/wp-content\/uploads\/2025\/07\/8delfina-4-300x148.jpg 300w, https:\/\/elinformante.mx\/wp-content\/uploads\/2025\/07\/8delfina-4-768x379.jpg 768w, https:\/\/elinformante.mx\/wp-content\/uploads\/2025\/07\/8delfina-4.jpg 1140w\" sizes=\"(max-width: 1024px) 100vw, 1024px\" \/><\/figure>\n\n\n\n<p>La Mandataria mexiquense destac\u00f3 que el trabajo coordinado ser\u00e1 clave para que el Mundial se desarrolle con orden y seguridad, y reafirm\u00f3 el compromiso de su administraci\u00f3n para fortalecer la conectividad y la capacidad operativa del aeropuerto mexiquense.<br><\/p>\n\n\n\n<p>En la reuni\u00f3n n\u00famero 452 de este mecanismo de seguridad participaron Horacio Duarte Olivares, Secretario General de Gobierno; Crist\u00f3bal Casta\u00f1eda Camarillo, Secretario de Seguridad estatal; y Jos\u00e9 Luis Cervantes Mart\u00ednez, Fiscal General de Justicia del Estado de M\u00e9xico, as\u00ed como autoridades de la Secretar\u00eda de la Defensa Nacional, Secretar\u00eda de Marina, Guardia Nacional y el Centro Nacional de Inteligencia.<\/p>\n\n\n\n<figure class=\"wp-block-image size-large\"><img decoding=\"async\" width=\"1024\" height=\"506\" src=\"https:\/\/elinformante.mx\/wp-content\/uploads\/2025\/07\/8delfina-3-1-1024x506.jpg\" alt=\"\" class=\"wp-image-87980\" srcset=\"https:\/\/elinformante.mx\/wp-content\/uploads\/2025\/07\/8delfina-3-1-1024x506.jpg 1024w, https:\/\/elinformante.mx\/wp-content\/uploads\/2025\/07\/8delfina-3-1-300x148.jpg 300w, https:\/\/elinformante.mx\/wp-content\/uploads\/2025\/07\/8delfina-3-1-768x379.jpg 768w, https:\/\/elinformante.mx\/wp-content\/uploads\/2025\/07\/8delfina-3-1.jpg 1140w\" sizes=\"(max-width: 1024px) 100vw, 1024px\" \/><\/figure>\n","protected":false},"excerpt":{"rendered":"<p>-Durante la reuni\u00f3n participaron los Directores Generales del AICM y AIT para implementar y garantizar la seguridad de los visitantes y las delegaciones. En el marco de los preparativos para el Mundial de F\u00fatbol 2026, la Gobernadora del Estado de M\u00e9xico, Delfina G\u00f3mez \u00c1lvarez encabez\u00f3 la Mesa de Coordinaci\u00f3n para la Construcci\u00f3n de la Paz [&hellip;]<\/p>\n","protected":false},"author":1,"featured_media":87977,"comment_status":"closed","ping_status":"closed","sticky":false,"template":"","format":"standard","meta":{"footnotes":""},"categories":[30,36,31],"tags":[46],"class_list":["post-87976","post","type-post","status-publish","format-standard","has-post-thumbnail","hentry","category-destacado","category-edomex","category-portada","tag-portadaedomex"],"_links":{"self":[{"href":"https:\/\/elinformante.mx\/index.php?rest_route=\/wp\/v2\/posts\/87976","targetHints":{"allow":["GET"]}}],"collection":[{"href":"https:\/\/elinformante.mx\/index.php?rest_route=\/wp\/v2\/posts"}],"about":[{"href":"https:\/\/elinformante.mx\/index.php?rest_route=\/wp\/v2\/types\/post"}],"author":[{"embeddable":true,"href":"https:\/\/elinformante.mx\/index.php?rest_route=\/wp\/v2\/users\/1"}],"replies":[{"embeddable":true,"href":"https:\/\/elinformante.mx\/index.php?rest_route=%2Fwp%2Fv2%2Fcomments&post=87976"}],"version-history":[{"count":0,"href":"https:\/\/elinformante.mx\/index.php?rest_route=\/wp\/v2\/posts\/87976\/revisions"}],"wp:featuredmedia":[{"embeddable":true,"href":"https:\/\/elinformante.mx\/index.php?rest_route=\/wp\/v2\/media\/87977"}],"wp:attachment":[{"href":"https:\/\/elinformante.mx\/index.php?rest_route=%2Fwp%2Fv2%2Fmedia&parent=87976"}],"wp:term":[{"taxonomy":"category","embeddable":true,"href":"https:\/\/elinformante.mx\/index.php?rest_route=%2Fwp%2Fv2%2Fcategories&post=87976"},{"taxonomy":"post_tag","embeddable":true,"href":"https:\/\/elinformante.mx\/index.php?rest_route=%2Fwp%2Fv2%2Ftags&post=87976"}],"curies":[{"name":"wp","href":"https:\/\/api.w.org\/{rel}","templated":true}]}}