{"id":87982,"date":"2025-07-11T06:34:41","date_gmt":"2025-07-11T12:34:41","guid":{"rendered":"https:\/\/elinformante.mx\/?p=87982"},"modified":"2025-07-11T06:34:47","modified_gmt":"2025-07-11T12:34:47","slug":"se-registro-en-la-alcaldia-gustavo-a-madero-un-deslizamiento-de-tierra-de-20-metros-cuadrados","status":"publish","type":"post","link":"https:\/\/elinformante.mx\/?p=87982","title":{"rendered":"Se registr\u00f3 en la alcald\u00eda Gustavo A. Madero un deslizamiento de tierra de 20 metros cuadrados"},"content":{"rendered":"\n<figure class=\"wp-block-pullquote\"><blockquote><p>Dos personas trabajadoras de una empresa particular quedaron sepultadas.<\/p><\/blockquote><\/figure>\n\n\n\n<p class=\"has-drop-cap\">La Secretar\u00eda de Gesti\u00f3n Integral de Riesgos y Protecci\u00f3n Civil (SGIRPC) informa que, alrededor de las 18:00 horas de este jueves, se registr\u00f3 el deslizamiento de aproximadamente 20 metros cuadrados de tierra, de una de las paredes de la excavaci\u00f3n en una construcci\u00f3n de multifamiliar ubicada en calle Alb\u00e9niz, n\u00famero 139, esquina Brahms, en la colonia Vallejo Poniente de la Alcald\u00eda Gustavo A. Madero, a cargo de la empresa Grupo Constructor DIC (Dise\u00f1o Ingenier\u00eda y Construcci\u00f3n).<br><\/p>\n\n\n\n<p>Por estos hechos, dos personas trabajadoras de la empresa particular quedaron sepultadas.<br><\/p>\n\n\n\n<p>De inmediato, elementos de la SGIRPC en coordinaci\u00f3n con personal del Escuadr\u00f3n de Rescate y Urgencias M\u00e9dicas (ERUM) realizaron maniobras para liberar a una de las personas atrapadas entre los escombros; misma que fue atendida en el lugar. Desafortunadamente, la segunda persona perdi\u00f3 la vida.<br><\/p>\n\n\n\n<p>Asimismo, se solicit\u00f3 el apoyo de personal de la Fiscal\u00eda General de Justicia de la Ciudad de M\u00e9xico (FGJ-CDMX) para iniciar con las investigaciones correspondientes y ordenar el retiro del cuerpo a la Agencia del Ministerio P\u00fablico correspondiente.<br><\/p>\n\n\n\n<p>Antes los acontecimientos ocurridos, se solicit\u00f3 a la Unidad de Gesti\u00f3n Integral de Riesgos de la Alcald\u00eda realizar una verificaci\u00f3n para saber si se contaba con los permisos requeridos.<\/p>\n","protected":false},"excerpt":{"rendered":"<p>Dos personas trabajadoras de una empresa particular quedaron sepultadas. La Secretar\u00eda de Gesti\u00f3n Integral de Riesgos y Protecci\u00f3n Civil (SGIRPC) informa que, alrededor de las 18:00 horas de este jueves, se registr\u00f3 el deslizamiento de aproximadamente 20 metros cuadrados de tierra, de una de las paredes de la excavaci\u00f3n en una construcci\u00f3n de multifamiliar ubicada [&hellip;]<\/p>\n","protected":false},"author":1,"featured_media":87983,"comment_status":"closed","ping_status":"closed","sticky":false,"template":"","format":"standard","meta":{"footnotes":""},"categories":[35],"tags":[],"class_list":["post-87982","post","type-post","status-publish","format-standard","has-post-thumbnail","hentry","category-cdmx"],"_links":{"self":[{"href":"https:\/\/elinformante.mx\/index.php?rest_route=\/wp\/v2\/posts\/87982","targetHints":{"allow":["GET"]}}],"collection":[{"href":"https:\/\/elinformante.mx\/index.php?rest_route=\/wp\/v2\/posts"}],"about":[{"href":"https:\/\/elinformante.mx\/index.php?rest_route=\/wp\/v2\/types\/post"}],"author":[{"embeddable":true,"href":"https:\/\/elinformante.mx\/index.php?rest_route=\/wp\/v2\/users\/1"}],"replies":[{"embeddable":true,"href":"https:\/\/elinformante.mx\/index.php?rest_route=%2Fwp%2Fv2%2Fcomments&post=87982"}],"version-history":[{"count":0,"href":"https:\/\/elinformante.mx\/index.php?rest_route=\/wp\/v2\/posts\/87982\/revisions"}],"wp:featuredmedia":[{"embeddable":true,"href":"https:\/\/elinformante.mx\/index.php?rest_route=\/wp\/v2\/media\/87983"}],"wp:attachment":[{"href":"https:\/\/elinformante.mx\/index.php?rest_route=%2Fwp%2Fv2%2Fmedia&parent=87982"}],"wp:term":[{"taxonomy":"category","embeddable":true,"href":"https:\/\/elinformante.mx\/index.php?rest_route=%2Fwp%2Fv2%2Fcategories&post=87982"},{"taxonomy":"post_tag","embeddable":true,"href":"https:\/\/elinformante.mx\/index.php?rest_route=%2Fwp%2Fv2%2Ftags&post=87982"}],"curies":[{"name":"wp","href":"https:\/\/api.w.org\/{rel}","templated":true}]}}