{"id":87985,"date":"2025-07-11T06:37:53","date_gmt":"2025-07-11T12:37:53","guid":{"rendered":"https:\/\/elinformante.mx\/?p=87985"},"modified":"2025-07-11T06:38:10","modified_gmt":"2025-07-11T12:38:10","slug":"arranca-reforestacion-en-la-alcaldia-iztapalapa-del-cerro-de-la-estrella","status":"publish","type":"post","link":"https:\/\/elinformante.mx\/?p=87985","title":{"rendered":"Arranca reforestaci\u00f3n en la alcald\u00eda Iztapalapa del Cerro de la Estrella"},"content":{"rendered":"\n<figure class=\"wp-block-pullquote\"><blockquote><p>La reforestaci\u00f3n forma parte de una estrategia integral para conservar las esponjas verdes que recargan los mantos acu\u00edferos y mitigan el riesgo de grietas en la zona<\/p><\/blockquote><\/figure>\n\n\n\n<p class=\"has-drop-cap\">La Secretar\u00eda del Medio Ambiente (SEDEMA) de la Ciudad de M\u00e9xico, en coordinaci\u00f3n con la Alcald\u00eda Iztapalapa, dio inicio al proyecto \u201cHuizacht\u00e9petl: ra\u00edces para el futuro 2025\u201d con una jornada de reforestaci\u00f3n y actividades comunitarias en el \u00c1rea Natural Protegida Cerro de la Estrella, un espacio emblem\u00e1tico por su valor ecol\u00f3gico, hist\u00f3rico y cultural.<br><\/p>\n\n\n\n<p>Desde el Museo Fuego Nuevo, autoridades locales y ambientales encabezaron el evento protocolario, seguido de una jornada de plantaci\u00f3n en el paraje Loma Encantada. Participaron funcionarias y funcionarios de distintos \u00f3rdenes de gobierno, organizaciones de la sociedad civil y habitantes de la alcald\u00eda.<br><\/p>\n\n\n\n<p>El proyecto busca fortalecer la restauraci\u00f3n ecol\u00f3gica, la conservaci\u00f3n del suelo y el agua, as\u00ed como promover la educaci\u00f3n ambiental, a trav\u00e9s de una serie de acciones concretas:<br><\/p>\n\n\n\n<p>-Remoci\u00f3n de m\u00e1s de 1,000 \u00e1rboles muertos en pie, bajo criterios t\u00e9cnicos y ambientales, con el fin de prevenir incendios y garantizar la seguridad de las y los visitantes.<br><\/p>\n\n\n\n<p>-Reforestaci\u00f3n participativa con m\u00e1s de 16,000 plantas nativas como cazahuate, palo dulce y huizache, involucrando a la comunidad local en su cuidado.<br><\/p>\n\n\n\n<p>-Construcci\u00f3n de nidos de fertilidad y colocaci\u00f3n de plantas polinizadoras, como parte de una estrategia integral de restauraci\u00f3n ecol\u00f3gica.<br><\/p>\n\n\n\n<p>-Fortalecimiento de actividades educativas en \u201cEl Campamento\u201d, espacio recuperado en 2020 que ahora funciona como centro de talleres y voluntariados ambientales.<br><\/p>\n\n\n\n<p>Durante su intervenci\u00f3n, la titular de la Secretar\u00eda del Medio Ambiente, Julia \u00c1lvarez Icaza, destac\u00f3 la relevancia ecol\u00f3gica y simb\u00f3lica del Cerro de la Estrella, al que calific\u00f3 como un espacio \u00fanico dentro del sistema de \u00c1reas Naturales Protegidas de la ciudad. Se\u00f1al\u00f3 que su conservaci\u00f3n no solo tiene un valor ambiental, sino que representa una prioridad social, cultural e h\u00eddrica para una alcald\u00eda como Iztapalapa.<br><\/p>\n\n\n\n<p>Anunci\u00f3 que este a\u00f1o se concluir\u00e1n los trabajos de la Guarda Perimetral del Cerro de la Estrella, en coordinaci\u00f3n con la alcald\u00eda.<br><\/p>\n\n\n\n<p>La alcaldesa Aleida Alavez Ruiz reiter\u00f3 el compromiso de su gobierno con la restauraci\u00f3n del Huizacht\u00e9petl y llam\u00f3 a la ciudadan\u00eda a proteger este espacio sagrado.<br><\/p>\n\n\n\n<p>\u201cEl Huizacht\u00e9petl es m\u00e1s que un cerro, es parte de nuestra identidad. Por eso en Iztapalapa lo reconocemos como un abuelo que cuidamos con respeto y cari\u00f1o. Hoy estamos aqu\u00ed para reforestar, pero tambi\u00e9n para recordar que este espacio sagrado necesita de todas y todos: vecinos, autoridades y organizaciones que lo amamos y lo defendemos\u201d, expres\u00f3 Aleida Alavez Ruiz, alcaldesa de Iztapalapa.<br><\/p>\n\n\n\n<p>Durante la jornada, se plantaron ejemplares de cazahuate, se instalaron nidos de fertilidad y se integraron especies como agave, mezquite, salvias, tronadora y chapulixtle, en un esfuerzo por restaurar las condiciones ecol\u00f3gicas del sitio. El evento se realiz\u00f3 en el marco de la mejor temporada de lluvias para asegurar el \u00e9xito de la reforestaci\u00f3n.<\/p>\n","protected":false},"excerpt":{"rendered":"<p>La reforestaci\u00f3n forma parte de una estrategia integral para conservar las esponjas verdes que recargan los mantos acu\u00edferos y mitigan el riesgo de grietas en la zona La Secretar\u00eda del Medio Ambiente (SEDEMA) de la Ciudad de M\u00e9xico, en coordinaci\u00f3n con la Alcald\u00eda Iztapalapa, dio inicio al proyecto \u201cHuizacht\u00e9petl: ra\u00edces para el futuro 2025\u201d con [&hellip;]<\/p>\n","protected":false},"author":1,"featured_media":87986,"comment_status":"closed","ping_status":"closed","sticky":false,"template":"","format":"standard","meta":{"footnotes":""},"categories":[35,30],"tags":[],"class_list":["post-87985","post","type-post","status-publish","format-standard","has-post-thumbnail","hentry","category-cdmx","category-destacado"],"_links":{"self":[{"href":"https:\/\/elinformante.mx\/index.php?rest_route=\/wp\/v2\/posts\/87985","targetHints":{"allow":["GET"]}}],"collection":[{"href":"https:\/\/elinformante.mx\/index.php?rest_route=\/wp\/v2\/posts"}],"about":[{"href":"https:\/\/elinformante.mx\/index.php?rest_route=\/wp\/v2\/types\/post"}],"author":[{"embeddable":true,"href":"https:\/\/elinformante.mx\/index.php?rest_route=\/wp\/v2\/users\/1"}],"replies":[{"embeddable":true,"href":"https:\/\/elinformante.mx\/index.php?rest_route=%2Fwp%2Fv2%2Fcomments&post=87985"}],"version-history":[{"count":0,"href":"https:\/\/elinformante.mx\/index.php?rest_route=\/wp\/v2\/posts\/87985\/revisions"}],"wp:featuredmedia":[{"embeddable":true,"href":"https:\/\/elinformante.mx\/index.php?rest_route=\/wp\/v2\/media\/87986"}],"wp:attachment":[{"href":"https:\/\/elinformante.mx\/index.php?rest_route=%2Fwp%2Fv2%2Fmedia&parent=87985"}],"wp:term":[{"taxonomy":"category","embeddable":true,"href":"https:\/\/elinformante.mx\/index.php?rest_route=%2Fwp%2Fv2%2Fcategories&post=87985"},{"taxonomy":"post_tag","embeddable":true,"href":"https:\/\/elinformante.mx\/index.php?rest_route=%2Fwp%2Fv2%2Ftags&post=87985"}],"curies":[{"name":"wp","href":"https:\/\/api.w.org\/{rel}","templated":true}]}}