{"id":88009,"date":"2025-07-11T07:22:06","date_gmt":"2025-07-11T13:22:06","guid":{"rendered":"https:\/\/elinformante.mx\/?p=88009"},"modified":"2025-07-11T07:22:09","modified_gmt":"2025-07-11T13:22:09","slug":"sep-garantiza-materiales-educativos-para-24-millones-de-estudiantes-en-todo-mexico","status":"publish","type":"post","link":"https:\/\/elinformante.mx\/?p=88009","title":{"rendered":"SEP garantiza materiales educativos para 24 millones de estudiantes en todo M\u00e9xico"},"content":{"rendered":"\n<figure class=\"wp-block-pullquote\"><blockquote><p>El Gobierno de M\u00e9xico reafirma su compromiso con una educaci\u00f3n p\u00fablica, gratuita e incluyente.<\/p><\/blockquote><\/figure>\n\n\n\n<p class=\"has-drop-cap\">El secretario de Educaci\u00f3n P\u00fablica, Mario Delgado Carrillo, inform\u00f3 que al 8 de julio de 2025 se han distribuido 117 millones 791 mil 844 libros de texto gratuitos a trav\u00e9s de la Comisi\u00f3n Nacional de Linros de Texto Gratuito (Conaliteg), en beneficio de 24.1 millones de estudiantes y 1.2 millones de docentes de educaci\u00f3n b\u00e1sica.<br><\/p>\n\n\n\n<p>Estos materiales est\u00e1n alineados con los principios de la Nueva Escuela Mexicana (NEM), impulsada por la presidenta Claudia Sheinbaum, y ser\u00e1n utilizados a partir del 1 de septiembre, cuando inicia el nuevo ciclo escolar.<br><\/p>\n\n\n\n<p>Delgado Carrillo detall\u00f3 que, para este nuevo ciclo, se producir\u00e1 un total de 155.6 millones de libros y materiales educativos, de los cuales 154.6 millones ser\u00e1n distribuidos en siete regiones del pa\u00eds, mediante m\u00e1s de 3 mil 500 viajes hacia 229 almacenes regionales y 136 centros de acopio en la Ciudad de M\u00e9xico.<br><\/p>\n\n\n\n<p>La SEP contempla la producci\u00f3n de 12 mil 125 libros en sistema Braille para estudiantes con ceguera, y 81 mil 450 ejemplares en formato Macrotipo para personas con baja visi\u00f3n.<br><\/p>\n\n\n\n<p>Destac\u00f3 que M\u00e9xico cuenta con la planta de producci\u00f3n Braille m\u00e1s grande de Latinoam\u00e9rica, construida en esta administraci\u00f3n.<br><\/p>\n\n\n\n<p>Victoria Guill\u00e9n puntualiz\u00f3 que la entrega de los libros avanza conforme al calendario establecido, gracias a una planificaci\u00f3n estrat\u00e9gica nacional, que considera factores geogr\u00e1ficos, clim\u00e1ticos y de infraestructura.<br><\/p>\n\n\n\n<p>El Gobierno de M\u00e9xico reafirma su compromiso con una educaci\u00f3n p\u00fablica, gratuita e incluyente, asegurando que cada estudiante cuente con sus materiales al inicio del ciclo escolar 2025-2026.<\/p>\n","protected":false},"excerpt":{"rendered":"<p>El Gobierno de M\u00e9xico reafirma su compromiso con una educaci\u00f3n p\u00fablica, gratuita e incluyente. El secretario de Educaci\u00f3n P\u00fablica, Mario Delgado Carrillo, inform\u00f3 que al 8 de julio de 2025 se han distribuido 117 millones 791 mil 844 libros de texto gratuitos a trav\u00e9s de la Comisi\u00f3n Nacional de Linros de Texto Gratuito (Conaliteg), en [&hellip;]<\/p>\n","protected":false},"author":1,"featured_media":88010,"comment_status":"closed","ping_status":"closed","sticky":false,"template":"","format":"standard","meta":{"footnotes":""},"categories":[30,34,31],"tags":[],"class_list":["post-88009","post","type-post","status-publish","format-standard","has-post-thumbnail","hentry","category-destacado","category-nacional","category-portada"],"_links":{"self":[{"href":"https:\/\/elinformante.mx\/index.php?rest_route=\/wp\/v2\/posts\/88009","targetHints":{"allow":["GET"]}}],"collection":[{"href":"https:\/\/elinformante.mx\/index.php?rest_route=\/wp\/v2\/posts"}],"about":[{"href":"https:\/\/elinformante.mx\/index.php?rest_route=\/wp\/v2\/types\/post"}],"author":[{"embeddable":true,"href":"https:\/\/elinformante.mx\/index.php?rest_route=\/wp\/v2\/users\/1"}],"replies":[{"embeddable":true,"href":"https:\/\/elinformante.mx\/index.php?rest_route=%2Fwp%2Fv2%2Fcomments&post=88009"}],"version-history":[{"count":0,"href":"https:\/\/elinformante.mx\/index.php?rest_route=\/wp\/v2\/posts\/88009\/revisions"}],"wp:featuredmedia":[{"embeddable":true,"href":"https:\/\/elinformante.mx\/index.php?rest_route=\/wp\/v2\/media\/88010"}],"wp:attachment":[{"href":"https:\/\/elinformante.mx\/index.php?rest_route=%2Fwp%2Fv2%2Fmedia&parent=88009"}],"wp:term":[{"taxonomy":"category","embeddable":true,"href":"https:\/\/elinformante.mx\/index.php?rest_route=%2Fwp%2Fv2%2Fcategories&post=88009"},{"taxonomy":"post_tag","embeddable":true,"href":"https:\/\/elinformante.mx\/index.php?rest_route=%2Fwp%2Fv2%2Ftags&post=88009"}],"curies":[{"name":"wp","href":"https:\/\/api.w.org\/{rel}","templated":true}]}}