{"id":88012,"date":"2025-07-11T07:24:47","date_gmt":"2025-07-11T13:24:47","guid":{"rendered":"https:\/\/elinformante.mx\/?p=88012"},"modified":"2025-07-11T07:25:04","modified_gmt":"2025-07-11T13:25:04","slug":"proponen-quitar-visa-a-extranjeros-que-insulten-a-mexicanos","status":"publish","type":"post","link":"https:\/\/elinformante.mx\/?p=88012","title":{"rendered":"PROPONEN QUITAR VISA A EXTRANJEROS QUE INSULTEN A MEXICANOS"},"content":{"rendered":"\n<figure class=\"wp-block-pullquote\"><blockquote><p>Se ha puesto sobre la mesa el tema sobre la cancelaci\u00f3n de visas a extranjeros que cometan discriminaci\u00f3n, afirman que se debe mantener una calidad migratoria en M\u00e9xico.<\/p><\/blockquote><\/figure>\n\n\n\n<p class=\"has-drop-cap\">Luego de que Ximena Pichel, de origen argentino, insultara a un polic\u00eda de tr\u00e1nsito por intentar inmovilizar su coche a causa de no pagar el parqu\u00edmetro, y en medio de la pol\u00e9mica por el caso de \u2018Lady racista\u2019, la senadora de Morena, Cinthya L\u00f3pez Castro, present\u00f3 una iniciativa para ordenar el retiro de la visa, el permiso temporal o permanente a cualquier extranjero que insulte a los mexicanos.<br><\/p>\n\n\n\n<figure class=\"wp-block-image size-large\"><img fetchpriority=\"high\" decoding=\"async\" width=\"1024\" height=\"506\" src=\"https:\/\/elinformante.mx\/wp-content\/uploads\/2025\/07\/9proponen-2-1024x506.jpg\" alt=\"\" class=\"wp-image-88014\" srcset=\"https:\/\/elinformante.mx\/wp-content\/uploads\/2025\/07\/9proponen-2-1024x506.jpg 1024w, https:\/\/elinformante.mx\/wp-content\/uploads\/2025\/07\/9proponen-2-300x148.jpg 300w, https:\/\/elinformante.mx\/wp-content\/uploads\/2025\/07\/9proponen-2-768x379.jpg 768w, https:\/\/elinformante.mx\/wp-content\/uploads\/2025\/07\/9proponen-2.jpg 1140w\" sizes=\"(max-width: 1024px) 100vw, 1024px\" \/><\/figure>\n\n\n\n<p>Esta iniciativa busca adicionar el art\u00edculo 159 de la Ley de Migraci\u00f3n permitir el retiro o la cancelaci\u00f3n de la visa o la residencia temporal o permanente a aquellos extranjeros que sean denunciados por discriminaci\u00f3n o actos de racismo ante las leyes mexicanas.<br><\/p>\n\n\n\n<p>Esta propuesta busca enviar un mensaje claro: \u201cla Ley de Migraci\u00f3n no solo regula la entrada y estancia, sino tambi\u00e9n la conducta y el respeto a las leyes y la sociedad mexicana\u201d.<br><\/p>\n\n\n\n<figure class=\"wp-block-image size-large\"><img decoding=\"async\" width=\"1024\" height=\"506\" src=\"https:\/\/elinformante.mx\/wp-content\/uploads\/2025\/07\/9proponen-4-1024x506.jpg\" alt=\"\" class=\"wp-image-88015\" srcset=\"https:\/\/elinformante.mx\/wp-content\/uploads\/2025\/07\/9proponen-4-1024x506.jpg 1024w, https:\/\/elinformante.mx\/wp-content\/uploads\/2025\/07\/9proponen-4-300x148.jpg 300w, https:\/\/elinformante.mx\/wp-content\/uploads\/2025\/07\/9proponen-4-768x379.jpg 768w, https:\/\/elinformante.mx\/wp-content\/uploads\/2025\/07\/9proponen-4.jpg 1140w\" sizes=\"(max-width: 1024px) 100vw, 1024px\" \/><\/figure>\n\n\n\n<p>La iniciativa ha generado un importante debate, subraya un principio fundamental de la Ley de Migraci\u00f3n: la estancia en M\u00e9xico est\u00e1 condicionada no solo al cumplimiento de los requisitos de ingreso, sino tambi\u00e9n a la observancia de la legislaci\u00f3n nacional.<br><\/p>\n\n\n\n<p>En caso de ser aprobada, esta adici\u00f3n al art\u00edculo 159 de la Ley de Migraci\u00f3n fortalecer\u00eda la capacidad del Estado mexicano para actuar ante conductas que atenten contra la dignidad de las personas, independientemente de su nacionalidad.<br><\/p>\n\n\n\n<figure class=\"wp-block-image size-large\"><img decoding=\"async\" width=\"1024\" height=\"506\" src=\"https:\/\/elinformante.mx\/wp-content\/uploads\/2025\/07\/9proponen-5-1024x506.jpg\" alt=\"\" class=\"wp-image-88016\" srcset=\"https:\/\/elinformante.mx\/wp-content\/uploads\/2025\/07\/9proponen-5-1024x506.jpg 1024w, https:\/\/elinformante.mx\/wp-content\/uploads\/2025\/07\/9proponen-5-300x148.jpg 300w, https:\/\/elinformante.mx\/wp-content\/uploads\/2025\/07\/9proponen-5-768x379.jpg 768w, https:\/\/elinformante.mx\/wp-content\/uploads\/2025\/07\/9proponen-5.jpg 1140w\" sizes=\"(max-width: 1024px) 100vw, 1024px\" \/><\/figure>\n\n\n\n<p>El Conapred tendr\u00e1 que avisar forzosamente al Instituto Nacional de Migraci\u00f3n cuando alg\u00fan extranjero haya cometido alg\u00fan acto de discriminaci\u00f3n.<br><\/p>\n\n\n\n<p>Tambi\u00e9n se reforma el art\u00edculo de la Ley General de Migraci\u00f3n para que si alg\u00fan extranjero comete alg\u00fan acto de discriminaci\u00f3n pueda ser cancelada su visa, su residencia temporal y tambi\u00e9n permanente. \u2018A los mexicanos se les respeta\u2019\u201d.<br><\/p>\n\n\n\n<figure class=\"wp-block-image size-large\"><img loading=\"lazy\" decoding=\"async\" width=\"1024\" height=\"506\" src=\"https:\/\/elinformante.mx\/wp-content\/uploads\/2025\/07\/9proponen-6-1024x506.jpg\" alt=\"\" class=\"wp-image-88017\" srcset=\"https:\/\/elinformante.mx\/wp-content\/uploads\/2025\/07\/9proponen-6-1024x506.jpg 1024w, https:\/\/elinformante.mx\/wp-content\/uploads\/2025\/07\/9proponen-6-300x148.jpg 300w, https:\/\/elinformante.mx\/wp-content\/uploads\/2025\/07\/9proponen-6-768x379.jpg 768w, https:\/\/elinformante.mx\/wp-content\/uploads\/2025\/07\/9proponen-6.jpg 1140w\" sizes=\"(max-width: 1024px) 100vw, 1024px\" \/><\/figure>\n\n\n\n<p>Al respecto, Gerardo Fern\u00e1ndez Noro\u00f1a, presidente del Senado, consider\u00f3 que no es necesario caer en extremos.<br><\/p>\n\n\n\n<p>\u201cCreo que es muy lamentable el acto que se dio de discriminaci\u00f3n en contra de un polic\u00eda que estaba haciendo su trabajo. Ha sido un esc\u00e1ndalo, esta actriz ya ofreci\u00f3 una disculpa p\u00fablica sobre el particular, es una como la que me ofrecieron a m\u00ed y que tanta irritaci\u00f3n gener\u00f3.<\/p>\n\n\n\n<figure class=\"wp-block-image size-large\"><img loading=\"lazy\" decoding=\"async\" width=\"1024\" height=\"506\" src=\"https:\/\/elinformante.mx\/wp-content\/uploads\/2025\/07\/9proponen-23-1024x506.jpg\" alt=\"\" class=\"wp-image-88018\" srcset=\"https:\/\/elinformante.mx\/wp-content\/uploads\/2025\/07\/9proponen-23-1024x506.jpg 1024w, https:\/\/elinformante.mx\/wp-content\/uploads\/2025\/07\/9proponen-23-300x148.jpg 300w, https:\/\/elinformante.mx\/wp-content\/uploads\/2025\/07\/9proponen-23-768x379.jpg 768w, https:\/\/elinformante.mx\/wp-content\/uploads\/2025\/07\/9proponen-23.jpg 1140w\" sizes=\"(max-width: 1024px) 100vw, 1024px\" \/><\/figure>\n","protected":false},"excerpt":{"rendered":"<p>Se ha puesto sobre la mesa el tema sobre la cancelaci\u00f3n de visas a extranjeros que cometan discriminaci\u00f3n, afirman que se debe mantener una calidad migratoria en M\u00e9xico. Luego de que Ximena Pichel, de origen argentino, insultara a un polic\u00eda de tr\u00e1nsito por intentar inmovilizar su coche a causa de no pagar el parqu\u00edmetro, y [&hellip;]<\/p>\n","protected":false},"author":1,"featured_media":88013,"comment_status":"closed","ping_status":"closed","sticky":false,"template":"","format":"standard","meta":{"footnotes":""},"categories":[30,34,31],"tags":[47],"class_list":["post-88012","post","type-post","status-publish","format-standard","has-post-thumbnail","hentry","category-destacado","category-nacional","category-portada","tag-portadanacional"],"_links":{"self":[{"href":"https:\/\/elinformante.mx\/index.php?rest_route=\/wp\/v2\/posts\/88012","targetHints":{"allow":["GET"]}}],"collection":[{"href":"https:\/\/elinformante.mx\/index.php?rest_route=\/wp\/v2\/posts"}],"about":[{"href":"https:\/\/elinformante.mx\/index.php?rest_route=\/wp\/v2\/types\/post"}],"author":[{"embeddable":true,"href":"https:\/\/elinformante.mx\/index.php?rest_route=\/wp\/v2\/users\/1"}],"replies":[{"embeddable":true,"href":"https:\/\/elinformante.mx\/index.php?rest_route=%2Fwp%2Fv2%2Fcomments&post=88012"}],"version-history":[{"count":0,"href":"https:\/\/elinformante.mx\/index.php?rest_route=\/wp\/v2\/posts\/88012\/revisions"}],"wp:featuredmedia":[{"embeddable":true,"href":"https:\/\/elinformante.mx\/index.php?rest_route=\/wp\/v2\/media\/88013"}],"wp:attachment":[{"href":"https:\/\/elinformante.mx\/index.php?rest_route=%2Fwp%2Fv2%2Fmedia&parent=88012"}],"wp:term":[{"taxonomy":"category","embeddable":true,"href":"https:\/\/elinformante.mx\/index.php?rest_route=%2Fwp%2Fv2%2Fcategories&post=88012"},{"taxonomy":"post_tag","embeddable":true,"href":"https:\/\/elinformante.mx\/index.php?rest_route=%2Fwp%2Fv2%2Ftags&post=88012"}],"curies":[{"name":"wp","href":"https:\/\/api.w.org\/{rel}","templated":true}]}}