{"id":88038,"date":"2025-07-14T05:29:46","date_gmt":"2025-07-14T11:29:46","guid":{"rendered":"https:\/\/elinformante.mx\/?p=88038"},"modified":"2025-07-14T05:30:01","modified_gmt":"2025-07-14T11:30:01","slug":"isaac-del-toro-se-corona-como-campeon-del-tour-de-austria","status":"publish","type":"post","link":"https:\/\/elinformante.mx\/?p=88038","title":{"rendered":"Isaac del Toro se corona como campe\u00f3n del Tour de Austria"},"content":{"rendered":"\n<figure class=\"wp-block-pullquote\"><blockquote><p>Se proclam\u00f3 vencedor de la Vuelta a Austria, tras la quinta y \u00faltima etapa.<\/p><\/blockquote><\/figure>\n\n\n\n<p class=\"has-drop-cap\">Una nueva alegr\u00eda para el mexicano Isaac del Toro (UAE Team Emirates &#8211; XRG) que esta ocasi\u00f3n se proclam\u00f3 vencedor de la Vuelta a Austria, tras la quinta y \u00faltima etapa, de 144,2 kil\u00f3metros, con salida y llegada en Feldkirch, que gan\u00f3 el luxemburgu\u00e9s Bob Jungels (INEOS Grenadiers).<br><\/p>\n\n\n\n<p>El mexicano, con 21 a\u00f1os, hab\u00eda conseguido ganar la segunda, tercera y cuarta etapa de la Vuelta a Austria, consiguiendo el liderato en la jornada el s\u00e1bado, superando al irland\u00e9s Archie Ryan (EF Education).<br><\/p>\n\n\n\n<p>Pero con la acumulaci\u00f3n de tiempo, este tuvo un total de 17:51:18 dejando a Ryan, segundo, a 29 segundos, y a su compa\u00f1ero de equipo en UAE Team Emirates, el polaco Rafal Majka, que complet\u00f3 el podio de la clasificaci\u00f3n general como tercero, a 47 segundos.<br><\/p>\n\n\n\n<p>Del Toro cruz\u00f3 la l\u00ednea de meta en el puesto 19, por detr\u00e1s del ganador de la etapa, el luxemburgu\u00e9s Bob Jungels, que entr\u00f3 en solitario por delante de sus m\u00e1s inmediatos perseguidores, el portugu\u00e9s Rui Costa (EF Education &#8211; EasyPost) y el belga Florian Vermeersch (UAE Team Emirates &#8211; XRG), segundo y tercero, respectivamente.<br><\/p>\n\n\n\n<p>El espa\u00f1ol H\u00e9ctor \u00c1lvarez (Lidl-Trek) finaliz\u00f3 la \u00faltima etapa en el s\u00e9ptimo lugar.<\/p>\n","protected":false},"excerpt":{"rendered":"<p>Se proclam\u00f3 vencedor de la Vuelta a Austria, tras la quinta y \u00faltima etapa. Una nueva alegr\u00eda para el mexicano Isaac del Toro (UAE Team Emirates &#8211; XRG) que esta ocasi\u00f3n se proclam\u00f3 vencedor de la Vuelta a Austria, tras la quinta y \u00faltima etapa, de 144,2 kil\u00f3metros, con salida y llegada en Feldkirch, que [&hellip;]<\/p>\n","protected":false},"author":1,"featured_media":88039,"comment_status":"closed","ping_status":"closed","sticky":false,"template":"","format":"standard","meta":{"footnotes":""},"categories":[38],"tags":[],"class_list":["post-88038","post","type-post","status-publish","format-standard","has-post-thumbnail","hentry","category-deportes"],"_links":{"self":[{"href":"https:\/\/elinformante.mx\/index.php?rest_route=\/wp\/v2\/posts\/88038","targetHints":{"allow":["GET"]}}],"collection":[{"href":"https:\/\/elinformante.mx\/index.php?rest_route=\/wp\/v2\/posts"}],"about":[{"href":"https:\/\/elinformante.mx\/index.php?rest_route=\/wp\/v2\/types\/post"}],"author":[{"embeddable":true,"href":"https:\/\/elinformante.mx\/index.php?rest_route=\/wp\/v2\/users\/1"}],"replies":[{"embeddable":true,"href":"https:\/\/elinformante.mx\/index.php?rest_route=%2Fwp%2Fv2%2Fcomments&post=88038"}],"version-history":[{"count":0,"href":"https:\/\/elinformante.mx\/index.php?rest_route=\/wp\/v2\/posts\/88038\/revisions"}],"wp:featuredmedia":[{"embeddable":true,"href":"https:\/\/elinformante.mx\/index.php?rest_route=\/wp\/v2\/media\/88039"}],"wp:attachment":[{"href":"https:\/\/elinformante.mx\/index.php?rest_route=%2Fwp%2Fv2%2Fmedia&parent=88038"}],"wp:term":[{"taxonomy":"category","embeddable":true,"href":"https:\/\/elinformante.mx\/index.php?rest_route=%2Fwp%2Fv2%2Fcategories&post=88038"},{"taxonomy":"post_tag","embeddable":true,"href":"https:\/\/elinformante.mx\/index.php?rest_route=%2Fwp%2Fv2%2Ftags&post=88038"}],"curies":[{"name":"wp","href":"https:\/\/api.w.org\/{rel}","templated":true}]}}