{"id":88044,"date":"2025-07-14T05:43:21","date_gmt":"2025-07-14T11:43:21","guid":{"rendered":"https:\/\/elinformante.mx\/?p=88044"},"modified":"2025-07-14T05:43:26","modified_gmt":"2025-07-14T11:43:26","slug":"manuel-vilchis-instalo-el-cabildo-infantil-zinacantepec-2025","status":"publish","type":"post","link":"https:\/\/elinformante.mx\/?p=88044","title":{"rendered":"Manuel Vilchis instal\u00f3 el Cabildo Infantil Zinacantepec 2025"},"content":{"rendered":"\n<figure class=\"wp-block-pullquote\"><blockquote><p>Agradeci\u00f3 a nombre de su gobierno a cada uno de ellos por su entrega, adem\u00e1s de recordarles que el presente y el futuro se construyen desde la participaci\u00f3n activa de todas las edades.<\/p><\/blockquote><\/figure>\n\n\n\n<p class=\"has-drop-cap\">En el municipio de Zinacantepec se llev\u00f3 a cabo la instalaci\u00f3n del Cabildo Infantil Zinacantepec 2025, mediante el DIF municipal y que preside Jessica R\u00edos Lara y en presencia de la Directora de Prevenci\u00f3n y Bienestar Familiar del DIF Estado de M\u00e9xico, Roc\u00edo P\u00e9rez Andrade, ante quien se reafirm\u00f3 el compromiso que se mantiene en el municipio para seguir creando espacios que impulsen la elaboraci\u00f3n de pol\u00edticas p\u00fablicas desde la voz de la ni\u00f1ez.<br><\/p>\n\n\n\n<p>El presidente municipal Manuel Vilchis Viveros se\u00f1al\u00f3 que es un enorme honor para su gobierno poder recibir y escuchar a las ni\u00f1as y los ni\u00f1os, que asumieron el papel de regidoras, regidores, s\u00edndicos y presidenta, demostrando una admirable capacidad de an\u00e1lisis, reflexi\u00f3n y propuestas.<br><\/p>\n\n\n\n<p>Se\u00f1al\u00f3 que las intervenciones que tuvieron fueron valiosas, claras y comprometidas con el bienestar de nuestro municipio. Mencion\u00f3 que todas y todos los ni\u00f1os integrantes de este cabildo abordaron temas tan relevantes como la libertad de expresi\u00f3n, la seguridad, el medio ambiente y el acceso a la informaci\u00f3n, nos confirma que las nuevas generaciones est\u00e1n listas para asumir un rol activo en la construcci\u00f3n de mejores entornos para las familias<br><\/p>\n\n\n\n<figure class=\"wp-block-image size-large\"><img fetchpriority=\"high\" decoding=\"async\" width=\"1024\" height=\"506\" src=\"https:\/\/elinformante.mx\/wp-content\/uploads\/2025\/07\/13zina-1-1024x506.jpg\" alt=\"\" class=\"wp-image-88046\" srcset=\"https:\/\/elinformante.mx\/wp-content\/uploads\/2025\/07\/13zina-1-1024x506.jpg 1024w, https:\/\/elinformante.mx\/wp-content\/uploads\/2025\/07\/13zina-1-300x148.jpg 300w, https:\/\/elinformante.mx\/wp-content\/uploads\/2025\/07\/13zina-1-768x379.jpg 768w, https:\/\/elinformante.mx\/wp-content\/uploads\/2025\/07\/13zina-1.jpg 1140w\" sizes=\"(max-width: 1024px) 100vw, 1024px\" \/><\/figure>\n\n\n\n<p>Vilchis Viveros agradeci\u00f3 a nombre de su gobierno a cada uno de ellos por su entrega, adem\u00e1s de recordarles que el presente y el futuro se construyen desde la participaci\u00f3n activa de todas las edades.<br><\/p>\n\n\n\n<p>De manera especial Jessica R\u00edos agradeci\u00f3 el acompa\u00f1amiento de las mam\u00e1s y pap\u00e1s y su gran trabajo, adem\u00e1s de se\u00f1alar el enorme trabajo hecho por la Coordinaci\u00f3n de Salud, que hicieron posible esta jornada tan significativa de di\u00e1logo, aprendizaje y participaci\u00f3n.<br><\/p>\n\n\n\n<p>Y finalizaron, se\u00f1alando que desde el DIF Zinacantepec y la administraci\u00f3n municipal se seguir\u00e1n abriendo espacios donde ni\u00f1as y ni\u00f1os puedan expresarse, ser escuchados y participar activamente en la vida p\u00fablica<\/p>\n","protected":false},"excerpt":{"rendered":"<p>Agradeci\u00f3 a nombre de su gobierno a cada uno de ellos por su entrega, adem\u00e1s de recordarles que el presente y el futuro se construyen desde la participaci\u00f3n activa de todas las edades. En el municipio de Zinacantepec se llev\u00f3 a cabo la instalaci\u00f3n del Cabildo Infantil Zinacantepec 2025, mediante el DIF municipal y que [&hellip;]<\/p>\n","protected":false},"author":1,"featured_media":88045,"comment_status":"closed","ping_status":"closed","sticky":false,"template":"","format":"standard","meta":{"footnotes":""},"categories":[36],"tags":[],"class_list":["post-88044","post","type-post","status-publish","format-standard","has-post-thumbnail","hentry","category-edomex"],"_links":{"self":[{"href":"https:\/\/elinformante.mx\/index.php?rest_route=\/wp\/v2\/posts\/88044","targetHints":{"allow":["GET"]}}],"collection":[{"href":"https:\/\/elinformante.mx\/index.php?rest_route=\/wp\/v2\/posts"}],"about":[{"href":"https:\/\/elinformante.mx\/index.php?rest_route=\/wp\/v2\/types\/post"}],"author":[{"embeddable":true,"href":"https:\/\/elinformante.mx\/index.php?rest_route=\/wp\/v2\/users\/1"}],"replies":[{"embeddable":true,"href":"https:\/\/elinformante.mx\/index.php?rest_route=%2Fwp%2Fv2%2Fcomments&post=88044"}],"version-history":[{"count":0,"href":"https:\/\/elinformante.mx\/index.php?rest_route=\/wp\/v2\/posts\/88044\/revisions"}],"wp:featuredmedia":[{"embeddable":true,"href":"https:\/\/elinformante.mx\/index.php?rest_route=\/wp\/v2\/media\/88045"}],"wp:attachment":[{"href":"https:\/\/elinformante.mx\/index.php?rest_route=%2Fwp%2Fv2%2Fmedia&parent=88044"}],"wp:term":[{"taxonomy":"category","embeddable":true,"href":"https:\/\/elinformante.mx\/index.php?rest_route=%2Fwp%2Fv2%2Fcategories&post=88044"},{"taxonomy":"post_tag","embeddable":true,"href":"https:\/\/elinformante.mx\/index.php?rest_route=%2Fwp%2Fv2%2Ftags&post=88044"}],"curies":[{"name":"wp","href":"https:\/\/api.w.org\/{rel}","templated":true}]}}