{"id":88048,"date":"2025-07-14T05:45:30","date_gmt":"2025-07-14T11:45:30","guid":{"rendered":"https:\/\/elinformante.mx\/?p=88048"},"modified":"2025-07-14T05:47:29","modified_gmt":"2025-07-14T11:47:29","slug":"celebra-saray-benitez-el-dia-de-la-abogada-y-el-abogado","status":"publish","type":"post","link":"https:\/\/elinformante.mx\/?p=88048","title":{"rendered":"Celebra Saray Ben\u00edtez el D\u00eda de la abogada y el abogado"},"content":{"rendered":"\n<figure class=\"wp-block-pullquote\"><blockquote><p>Durante el evento se enalteci\u00f3 los valores de la abogac\u00eda como una de las m\u00e1s nobles profesiones.<\/p><\/blockquote><\/figure>\n\n\n\n<p class=\"has-drop-cap\">La presidenta municipal de Mexicaltzingo, Saray Ben\u00edtez Espinosa, asisti\u00f3 como invitada del Colegio de Abogados y Profesionistas del Valle de Metepec y Toluca A.C. para conmemorar el D\u00eda del Abogado y la Abogada.<br><\/p>\n\n\n\n<p>Junto al presidente Jos\u00e9 Antonio Flores, y Representantes y l\u00edderes de organizaciones y agrupaciones de abogados mexiquenses se congregaron en fraternal ambiente.<br><\/p>\n\n\n\n<p>Ben\u00edtez Espinosa coment\u00f3 que personas como el Magistrado H\u00e9ctor Macedo Garc\u00eda, es un verdadero honor poder compartir este espacio con mujeres y hombres comprometidos con la justicia, el derecho y el fortalecimiento del Estado de Derecho en nuestra regi\u00f3n.<br><\/p>\n\n\n\n<figure class=\"wp-block-image size-large\"><img fetchpriority=\"high\" decoding=\"async\" width=\"1024\" height=\"506\" src=\"https:\/\/elinformante.mx\/wp-content\/uploads\/2025\/07\/13mexical-1024x506.jpg\" alt=\"\" class=\"wp-image-88052\" srcset=\"https:\/\/elinformante.mx\/wp-content\/uploads\/2025\/07\/13mexical-1024x506.jpg 1024w, https:\/\/elinformante.mx\/wp-content\/uploads\/2025\/07\/13mexical-300x148.jpg 300w, https:\/\/elinformante.mx\/wp-content\/uploads\/2025\/07\/13mexical-768x379.jpg 768w, https:\/\/elinformante.mx\/wp-content\/uploads\/2025\/07\/13mexical.jpg 1140w\" sizes=\"(max-width: 1024px) 100vw, 1024px\" \/><\/figure>\n\n\n\n<p>Durante la ceremonia Jos\u00e9 Antonio Flores agradeci\u00f3 a los invitados con quienes compartieron amena convivencia, exaltando el compromiso y altos valores que conlleva la vocaci\u00f3n de los abogados<br><\/p>\n\n\n\n<p>Ben\u00edtez Espinosa fue una de las invitadas que entreg\u00f3 reconocimientos a los y las abogadas presentes por su compromiso con la unidad y el desarrollo gremial para apuntalar un sistema de justicia que se enfrenta a constantes reformas y una transformaci\u00f3n hist\u00f3rica y democr\u00e1tica.<br><\/p>\n\n\n\n<p>Durante el evento se enalteci\u00f3 los valores de la abogac\u00eda, como una de las m\u00e1s nobles profesiones, una responsabilidad p\u00fablica que cobra sentido cuando se ejerce con \u00e9tica, con rigor, pero tambi\u00e9n con empat\u00eda y conciencia.<\/p>\n","protected":false},"excerpt":{"rendered":"<p>Durante el evento se enalteci\u00f3 los valores de la abogac\u00eda como una de las m\u00e1s nobles profesiones. La presidenta municipal de Mexicaltzingo, Saray Ben\u00edtez Espinosa, asisti\u00f3 como invitada del Colegio de Abogados y Profesionistas del Valle de Metepec y Toluca A.C. para conmemorar el D\u00eda del Abogado y la Abogada. Junto al presidente Jos\u00e9 Antonio [&hellip;]<\/p>\n","protected":false},"author":1,"featured_media":88049,"comment_status":"closed","ping_status":"closed","sticky":false,"template":"","format":"standard","meta":{"footnotes":""},"categories":[36],"tags":[],"class_list":["post-88048","post","type-post","status-publish","format-standard","has-post-thumbnail","hentry","category-edomex"],"_links":{"self":[{"href":"https:\/\/elinformante.mx\/index.php?rest_route=\/wp\/v2\/posts\/88048","targetHints":{"allow":["GET"]}}],"collection":[{"href":"https:\/\/elinformante.mx\/index.php?rest_route=\/wp\/v2\/posts"}],"about":[{"href":"https:\/\/elinformante.mx\/index.php?rest_route=\/wp\/v2\/types\/post"}],"author":[{"embeddable":true,"href":"https:\/\/elinformante.mx\/index.php?rest_route=\/wp\/v2\/users\/1"}],"replies":[{"embeddable":true,"href":"https:\/\/elinformante.mx\/index.php?rest_route=%2Fwp%2Fv2%2Fcomments&post=88048"}],"version-history":[{"count":0,"href":"https:\/\/elinformante.mx\/index.php?rest_route=\/wp\/v2\/posts\/88048\/revisions"}],"wp:featuredmedia":[{"embeddable":true,"href":"https:\/\/elinformante.mx\/index.php?rest_route=\/wp\/v2\/media\/88049"}],"wp:attachment":[{"href":"https:\/\/elinformante.mx\/index.php?rest_route=%2Fwp%2Fv2%2Fmedia&parent=88048"}],"wp:term":[{"taxonomy":"category","embeddable":true,"href":"https:\/\/elinformante.mx\/index.php?rest_route=%2Fwp%2Fv2%2Fcategories&post=88048"},{"taxonomy":"post_tag","embeddable":true,"href":"https:\/\/elinformante.mx\/index.php?rest_route=%2Fwp%2Fv2%2Ftags&post=88048"}],"curies":[{"name":"wp","href":"https:\/\/api.w.org\/{rel}","templated":true}]}}