{"id":88063,"date":"2025-07-14T05:59:54","date_gmt":"2025-07-14T11:59:54","guid":{"rendered":"https:\/\/elinformante.mx\/?p=88063"},"modified":"2025-07-14T05:59:57","modified_gmt":"2025-07-14T11:59:57","slug":"ricardo-moreno-reafirma-su-compromiso-con-la-inclusion-de-ninas-y-ninos-autistas","status":"publish","type":"post","link":"https:\/\/elinformante.mx\/?p=88063","title":{"rendered":"Ricardo Moreno reafirma su compromiso con la inclusi\u00f3n de ni\u00f1as y ni\u00f1os autistas"},"content":{"rendered":"\n<figure class=\"wp-block-pullquote\"><blockquote><p>-La transformaci\u00f3n en Toluca comienza cuando el sistema se adapta a las necesidades de la ciudadan\u00eda<\/p><\/blockquote><\/figure>\n\n\n\n<p class=\"has-drop-cap\">El Presidente Municipal Ricardo Moreno reafirm\u00f3 su compromiso con las personas autistas, quienes merecen ser visibilizadas, pues la verdadera transformaci\u00f3n comienza cuando entendemos que no son ellos quienes deben adaptarse al sistema, sino que es el sistema el que debe adaptarse a ellos.<br><\/p>\n\n\n\n<p>Durante la ceremonia de fin de ciclo escolar 2024-2025 del Instituto EKO Autismo, Moreno Bastida subray\u00f3 que \u201cpor muchos a\u00f1os, el desconocimiento provoc\u00f3 exclusi\u00f3n, pero ahora la sociedad tiene la informaci\u00f3n al alcance de la mano, no hay justificaci\u00f3n, debemos tener voluntad para entender y empatizar con este sector que tiene grandes cosas que ense\u00f1arnos, nos dan esperanza y nos motivan a actuar con paciencia\u201d.<br><\/p>\n\n\n\n<figure class=\"wp-block-image size-large\"><img fetchpriority=\"high\" decoding=\"async\" width=\"1024\" height=\"506\" src=\"https:\/\/elinformante.mx\/wp-content\/uploads\/2025\/07\/12toluca-1024x506.jpg\" alt=\"\" class=\"wp-image-88066\" srcset=\"https:\/\/elinformante.mx\/wp-content\/uploads\/2025\/07\/12toluca-1024x506.jpg 1024w, https:\/\/elinformante.mx\/wp-content\/uploads\/2025\/07\/12toluca-300x148.jpg 300w, https:\/\/elinformante.mx\/wp-content\/uploads\/2025\/07\/12toluca-768x379.jpg 768w, https:\/\/elinformante.mx\/wp-content\/uploads\/2025\/07\/12toluca.jpg 1140w\" sizes=\"(max-width: 1024px) 100vw, 1024px\" \/><\/figure>\n\n\n\n<p>La primera s\u00edndica, Yazm\u00edn N\u00e1jera, se\u00f1al\u00f3 que en el camino para criar y acompa\u00f1ar a ni\u00f1as y ni\u00f1os neurodivergentes a\u00fan falta impulsar la empat\u00eda y la comprensi\u00f3n, para que la inclusi\u00f3n sea una realidad cotidiana, donde las familias con integrantes autistas puedan convivir con tranquilidad y seguridad.<br><\/p>\n\n\n\n<p>Ambos coincidieron que el Gobierno municipal trabaja para que todas las personas, sin importar sus condiciones, vivan en una ciudad emp\u00e1tica, incluyente y con oportunidades para todas y todos.<\/p>\n","protected":false},"excerpt":{"rendered":"<p>-La transformaci\u00f3n en Toluca comienza cuando el sistema se adapta a las necesidades de la ciudadan\u00eda El Presidente Municipal Ricardo Moreno reafirm\u00f3 su compromiso con las personas autistas, quienes merecen ser visibilizadas, pues la verdadera transformaci\u00f3n comienza cuando entendemos que no son ellos quienes deben adaptarse al sistema, sino que es el sistema el que [&hellip;]<\/p>\n","protected":false},"author":1,"featured_media":88065,"comment_status":"closed","ping_status":"closed","sticky":false,"template":"","format":"standard","meta":{"footnotes":""},"categories":[30,36],"tags":[],"class_list":["post-88063","post","type-post","status-publish","format-standard","has-post-thumbnail","hentry","category-destacado","category-edomex"],"_links":{"self":[{"href":"https:\/\/elinformante.mx\/index.php?rest_route=\/wp\/v2\/posts\/88063","targetHints":{"allow":["GET"]}}],"collection":[{"href":"https:\/\/elinformante.mx\/index.php?rest_route=\/wp\/v2\/posts"}],"about":[{"href":"https:\/\/elinformante.mx\/index.php?rest_route=\/wp\/v2\/types\/post"}],"author":[{"embeddable":true,"href":"https:\/\/elinformante.mx\/index.php?rest_route=\/wp\/v2\/users\/1"}],"replies":[{"embeddable":true,"href":"https:\/\/elinformante.mx\/index.php?rest_route=%2Fwp%2Fv2%2Fcomments&post=88063"}],"version-history":[{"count":0,"href":"https:\/\/elinformante.mx\/index.php?rest_route=\/wp\/v2\/posts\/88063\/revisions"}],"wp:featuredmedia":[{"embeddable":true,"href":"https:\/\/elinformante.mx\/index.php?rest_route=\/wp\/v2\/media\/88065"}],"wp:attachment":[{"href":"https:\/\/elinformante.mx\/index.php?rest_route=%2Fwp%2Fv2%2Fmedia&parent=88063"}],"wp:term":[{"taxonomy":"category","embeddable":true,"href":"https:\/\/elinformante.mx\/index.php?rest_route=%2Fwp%2Fv2%2Fcategories&post=88063"},{"taxonomy":"post_tag","embeddable":true,"href":"https:\/\/elinformante.mx\/index.php?rest_route=%2Fwp%2Fv2%2Ftags&post=88063"}],"curies":[{"name":"wp","href":"https:\/\/api.w.org\/{rel}","templated":true}]}}