{"id":88072,"date":"2025-07-14T06:12:28","date_gmt":"2025-07-14T12:12:28","guid":{"rendered":"https:\/\/elinformante.mx\/?p=88072"},"modified":"2025-07-14T06:12:58","modified_gmt":"2025-07-14T12:12:58","slug":"adolfo-solis-da-inicio-a-rehabilitacion-de-vialidad-principal-en-mina-mexico","status":"publish","type":"post","link":"https:\/\/elinformante.mx\/?p=88072","title":{"rendered":"Adolfo Sol\u00eds da inicio a rehabilitaci\u00f3n de vialidad principal en Mina M\u00e9xico"},"content":{"rendered":"\n<figure class=\"wp-block-pullquote\"><blockquote><p>El presidente confirm\u00f3 que la obra de concreto hidr\u00e1ulico beneficiar\u00e1 a miles de habitantes de Almoloya de Ju\u00e1rez.<\/p><\/blockquote><\/figure>\n\n\n\n<p class=\"has-drop-cap\">El alcalde de Almoloya de Ju\u00e1rez, Adolfo Solis G\u00f3mez, dio el banderazo de inicio a la rehabilitaci\u00f3n con concreto hidr\u00e1ulico de un kil\u00f3metro de la avenida principal de Mina M\u00e9xico, una vialidad que por a\u00f1os fue olvidada, pero que comienza a transformarse con un proyecto de largo alcance.<br><\/p>\n\n\n\n<p>La obra contempla la intervenci\u00f3n de un kil\u00f3metro, levantando el asfalto deteriorado para colocar una base de concreto hidr\u00e1ulico de 15 cent\u00edmetros de espesor, lo que garantiza una vida \u00fatil superior a los 25 a\u00f1os.<br><\/p>\n\n\n\n<p>Esta vialidad es fundamental en la movilidad del municipio, ya que conecta con la cabecera municipal, comunidades vecinas, y es una ruta alterna a Toluca, la Ciudad de M\u00e9xico y el norte del Edom\u00e9x.<br><\/p>\n\n\n\n<figure class=\"wp-block-image size-large\"><img fetchpriority=\"high\" decoding=\"async\" width=\"1024\" height=\"506\" src=\"https:\/\/elinformante.mx\/wp-content\/uploads\/2025\/07\/11almo-3-1024x506.jpg\" alt=\"\" class=\"wp-image-88074\" srcset=\"https:\/\/elinformante.mx\/wp-content\/uploads\/2025\/07\/11almo-3-1024x506.jpg 1024w, https:\/\/elinformante.mx\/wp-content\/uploads\/2025\/07\/11almo-3-300x148.jpg 300w, https:\/\/elinformante.mx\/wp-content\/uploads\/2025\/07\/11almo-3-768x379.jpg 768w, https:\/\/elinformante.mx\/wp-content\/uploads\/2025\/07\/11almo-3.jpg 1140w\" sizes=\"(max-width: 1024px) 100vw, 1024px\" \/><\/figure>\n\n\n\n<p>Junto a la delegada de Mina M\u00e9xico, Elzzy Molina, regidoras, regidores, directores de \u00e1rea y vecinos, el edil record\u00f3 que este proyecto fue uno de sus compromisos de campa\u00f1a.<br><\/p>\n\n\n\n<p>\u201cHice el compromiso de que si llegaba a ser presidente iba a regresar y hoy, con la frente en alto, vengo con much\u00edsimo gusto a decirles que el hombre vale por su palabra. Estoy aqu\u00ed para cumplir, porque para eso ustedes me pusieron: para entregar resultados\u201d, expres\u00f3.<br><\/p>\n\n\n\n<p>Adicionalmente, el alcalde anunci\u00f3 que existen pl\u00e1ticas con el presidente de Toluca, Ricardo Moreno, para rehabilitar un tramo de 300 metros cercano a la caseta \u201cEl Dorado\u201d, el cual es competencia de dicho municipio.<br><\/p>\n\n\n\n<p>Inform\u00f3 que se mantiene el di\u00e1logo con autoridades de SASCAEM para intervenir otro tramo de 500 metros, lo que permitir\u00eda completar casi dos kil\u00f3metros de esta importante vialidad.<br><\/p>\n\n\n\n<figure class=\"wp-block-image size-large\"><img decoding=\"async\" width=\"1024\" height=\"506\" src=\"https:\/\/elinformante.mx\/wp-content\/uploads\/2025\/07\/11almo-1-1024x506.jpg\" alt=\"\" class=\"wp-image-88075\" srcset=\"https:\/\/elinformante.mx\/wp-content\/uploads\/2025\/07\/11almo-1-1024x506.jpg 1024w, https:\/\/elinformante.mx\/wp-content\/uploads\/2025\/07\/11almo-1-300x148.jpg 300w, https:\/\/elinformante.mx\/wp-content\/uploads\/2025\/07\/11almo-1-768x379.jpg 768w, https:\/\/elinformante.mx\/wp-content\/uploads\/2025\/07\/11almo-1.jpg 1140w\" sizes=\"(max-width: 1024px) 100vw, 1024px\" \/><\/figure>\n\n\n\n<p>La jornada concluy\u00f3 con una comida comunitaria ofrecida por los propios vecinos, quienes agradecieron el cumplimiento del compromiso.<br><\/p>\n\n\n\n<p>\u201cEl a\u00f1o pasado vi caras de enojo, y hoy veo caras alegres. En lugar de agradecerme, quiero decirles que es mi obligaci\u00f3n hacer las obras porque ustedes nos pusieron aqu\u00ed para entregar resultados\u201d, se\u00f1al\u00f3.<br><\/p>\n\n\n\n<p>Adem\u00e1s del camino, el m\u00f3dulo de vigilancia que permanec\u00eda en abandono fue rehabilitado, como una medida que refuerza la seguridad de la zona.<\/p>\n","protected":false},"excerpt":{"rendered":"<p>El presidente confirm\u00f3 que la obra de concreto hidr\u00e1ulico beneficiar\u00e1 a miles de habitantes de Almoloya de Ju\u00e1rez. El alcalde de Almoloya de Ju\u00e1rez, Adolfo Solis G\u00f3mez, dio el banderazo de inicio a la rehabilitaci\u00f3n con concreto hidr\u00e1ulico de un kil\u00f3metro de la avenida principal de Mina M\u00e9xico, una vialidad que por a\u00f1os fue olvidada, [&hellip;]<\/p>\n","protected":false},"author":1,"featured_media":88073,"comment_status":"closed","ping_status":"closed","sticky":false,"template":"","format":"standard","meta":{"footnotes":""},"categories":[30,36],"tags":[],"class_list":["post-88072","post","type-post","status-publish","format-standard","has-post-thumbnail","hentry","category-destacado","category-edomex"],"_links":{"self":[{"href":"https:\/\/elinformante.mx\/index.php?rest_route=\/wp\/v2\/posts\/88072","targetHints":{"allow":["GET"]}}],"collection":[{"href":"https:\/\/elinformante.mx\/index.php?rest_route=\/wp\/v2\/posts"}],"about":[{"href":"https:\/\/elinformante.mx\/index.php?rest_route=\/wp\/v2\/types\/post"}],"author":[{"embeddable":true,"href":"https:\/\/elinformante.mx\/index.php?rest_route=\/wp\/v2\/users\/1"}],"replies":[{"embeddable":true,"href":"https:\/\/elinformante.mx\/index.php?rest_route=%2Fwp%2Fv2%2Fcomments&post=88072"}],"version-history":[{"count":0,"href":"https:\/\/elinformante.mx\/index.php?rest_route=\/wp\/v2\/posts\/88072\/revisions"}],"wp:featuredmedia":[{"embeddable":true,"href":"https:\/\/elinformante.mx\/index.php?rest_route=\/wp\/v2\/media\/88073"}],"wp:attachment":[{"href":"https:\/\/elinformante.mx\/index.php?rest_route=%2Fwp%2Fv2%2Fmedia&parent=88072"}],"wp:term":[{"taxonomy":"category","embeddable":true,"href":"https:\/\/elinformante.mx\/index.php?rest_route=%2Fwp%2Fv2%2Fcategories&post=88072"},{"taxonomy":"post_tag","embeddable":true,"href":"https:\/\/elinformante.mx\/index.php?rest_route=%2Fwp%2Fv2%2Ftags&post=88072"}],"curies":[{"name":"wp","href":"https:\/\/api.w.org\/{rel}","templated":true}]}}