{"id":88077,"date":"2025-07-14T06:15:28","date_gmt":"2025-07-14T12:15:28","guid":{"rendered":"https:\/\/elinformante.mx\/?p=88077"},"modified":"2025-07-14T06:15:31","modified_gmt":"2025-07-14T12:15:31","slug":"encabeza-jenaro-martinez-cierre-de-ciclo-en-centros-de-bienestar-infantil-del-edomex","status":"publish","type":"post","link":"https:\/\/elinformante.mx\/?p=88077","title":{"rendered":"Encabeza Jenaro Mart\u00ednez cierre de ciclo en Centros de Bienestar Infantil del Edom\u00e9x"},"content":{"rendered":"\n<figure class=\"wp-block-pullquote\"><blockquote><p>Se reunieron en las ceremonias familias de al menos 320 ni\u00f1as y ni\u00f1os que concluyeron su educaci\u00f3n inicial.<\/p><\/blockquote><\/figure>\n\n\n\n<p class=\"has-drop-cap\">El Secretario General del Sindicato de Maestros al Servicio del Estado de M\u00e9xico (SMSEM), Jenaro Mart\u00ednez Reyes, encabez\u00f3 la celebraci\u00f3n del cierre del ciclo escolar 2024-2025 en los 22 Centros de Desarrollo y Bienestar Infantil (CDyBI), que se encuentran ubicados en 20 municipios y las 14 regiones sindicales de la entidad.<br><\/p>\n\n\n\n<p>Fue con la entrega simb\u00f3lica de constancias, donde participaron madres y padres de familia, adem\u00e1s de poder disfrutar del entusiasmo de ni\u00f1as y ni\u00f1os que concluyen su educaci\u00f3n inicial.<br><\/p>\n\n\n\n<p>En estas ceremonias se reunieron las familias de 320 peque\u00f1as y peque\u00f1os que, a partir de septiembre, iniciar\u00e1n una nueva etapa en el nivel preescolar. La dirigencia sindical encabezada por Jenaro Mart\u00ednez Reyes en cada evento hizo llegar un presente a los egresados, como reconocimiento a esta primera meta alcanzada.<br><\/p>\n\n\n\n<p>Estos Centros de Desarrollo y Bienestar Infantil del SMSEM representan una de las pol\u00edticas sindicales m\u00e1s s\u00f3lidas de apoyo a las familias docentes. Desde hace 38 a\u00f1os, su misi\u00f3n ha sido coadyuvar a la estabilidad laboral del magisterio y, al mismo tiempo, ofrecer a hijas e hijos de maestras y maestros una formaci\u00f3n integral de excelencia, desde los tres meses hasta los cuatro a\u00f1os.<br><\/p>\n\n\n\n<figure class=\"wp-block-image size-large\"><img fetchpriority=\"high\" decoding=\"async\" width=\"1024\" height=\"506\" src=\"https:\/\/elinformante.mx\/wp-content\/uploads\/2025\/07\/10SMSEM-1-1024x506.jpg\" alt=\"\" class=\"wp-image-88079\" srcset=\"https:\/\/elinformante.mx\/wp-content\/uploads\/2025\/07\/10SMSEM-1-1024x506.jpg 1024w, https:\/\/elinformante.mx\/wp-content\/uploads\/2025\/07\/10SMSEM-1-300x148.jpg 300w, https:\/\/elinformante.mx\/wp-content\/uploads\/2025\/07\/10SMSEM-1-768x379.jpg 768w, https:\/\/elinformante.mx\/wp-content\/uploads\/2025\/07\/10SMSEM-1.jpg 1140w\" sizes=\"(max-width: 1024px) 100vw, 1024px\" \/><\/figure>\n\n\n\n<p>Se inform\u00f3 que actualmente, m\u00e1s de 1400 ni\u00f1as y ni\u00f1os son atendidos en estos espacios, que se encuentran bajo un modelo educativo avalado por la Secretar\u00eda de Educaci\u00f3n P\u00fablica, con metodolog\u00eda HighScope\u00ae y el programa de estimulaci\u00f3n oportuna de la Dra. Ana Serrano.<br><\/p>\n\n\n\n<p>Los CDyBI integran un modelo de atenci\u00f3n multidisciplinaria que incluye servicios m\u00e9dicos como revisi\u00f3n diaria, seguimiento de talla y peso, programa de salud bucal, medicina preventiva y campa\u00f1a de vacunaci\u00f3n, adem\u00e1s de apoyos de seguridad como lo son seguro escolar, circuito cerrado, brigadas de protecci\u00f3n civil, as\u00ed como actividades formativas, culturales, deportivas y recreativas con enfoque en los valores de respeto, empat\u00eda, autonom\u00eda y participaci\u00f3n.<br><\/p>\n\n\n\n<p>Jenaro Mart\u00ednez Reyes, Secretario General del SMSEM asisti\u00f3 como invitado especial a las ceremonias celebradas en Cuautitl\u00e1n Izcalli y Texcoco, donde dirigi\u00f3 un mensaje a las familias y al personal educativo, destacando el valor de estos espacios que el SMSEM ha sostenido durante casi cuatro d\u00e9cadas.<br><\/p>\n\n\n\n<p>\u201c\u00bfHan visto las estrellas? \u00bfSab\u00edan que estamos hechos de las mismas sustancias que componen a una estrella? (\u2026) Todos somos estrellas y nos corresponde brillar, no importa si estamos en el rinc\u00f3n m\u00e1s alejado o en la cima de una monta\u00f1a. Les pido: sean luz, resplandor y destello siempre. Ustedes pueden\u201d.<br><\/p>\n\n\n\n<p>El l\u00edder del magisterio estatal reafirm\u00f3 su compromiso con el bienestar de las familias docentes y con una formaci\u00f3n inicial que reconoce a las ni\u00f1as y ni\u00f1os como ciudadanos en potencia y sujetos de derechos desde el inicio de su vida escolar.<\/p>\n","protected":false},"excerpt":{"rendered":"<p>Se reunieron en las ceremonias familias de al menos 320 ni\u00f1as y ni\u00f1os que concluyeron su educaci\u00f3n inicial. El Secretario General del Sindicato de Maestros al Servicio del Estado de M\u00e9xico (SMSEM), Jenaro Mart\u00ednez Reyes, encabez\u00f3 la celebraci\u00f3n del cierre del ciclo escolar 2024-2025 en los 22 Centros de Desarrollo y Bienestar Infantil (CDyBI), que [&hellip;]<\/p>\n","protected":false},"author":1,"featured_media":88078,"comment_status":"closed","ping_status":"closed","sticky":false,"template":"","format":"standard","meta":{"footnotes":""},"categories":[36],"tags":[],"class_list":["post-88077","post","type-post","status-publish","format-standard","has-post-thumbnail","hentry","category-edomex"],"_links":{"self":[{"href":"https:\/\/elinformante.mx\/index.php?rest_route=\/wp\/v2\/posts\/88077","targetHints":{"allow":["GET"]}}],"collection":[{"href":"https:\/\/elinformante.mx\/index.php?rest_route=\/wp\/v2\/posts"}],"about":[{"href":"https:\/\/elinformante.mx\/index.php?rest_route=\/wp\/v2\/types\/post"}],"author":[{"embeddable":true,"href":"https:\/\/elinformante.mx\/index.php?rest_route=\/wp\/v2\/users\/1"}],"replies":[{"embeddable":true,"href":"https:\/\/elinformante.mx\/index.php?rest_route=%2Fwp%2Fv2%2Fcomments&post=88077"}],"version-history":[{"count":0,"href":"https:\/\/elinformante.mx\/index.php?rest_route=\/wp\/v2\/posts\/88077\/revisions"}],"wp:featuredmedia":[{"embeddable":true,"href":"https:\/\/elinformante.mx\/index.php?rest_route=\/wp\/v2\/media\/88078"}],"wp:attachment":[{"href":"https:\/\/elinformante.mx\/index.php?rest_route=%2Fwp%2Fv2%2Fmedia&parent=88077"}],"wp:term":[{"taxonomy":"category","embeddable":true,"href":"https:\/\/elinformante.mx\/index.php?rest_route=%2Fwp%2Fv2%2Fcategories&post=88077"},{"taxonomy":"post_tag","embeddable":true,"href":"https:\/\/elinformante.mx\/index.php?rest_route=%2Fwp%2Fv2%2Ftags&post=88077"}],"curies":[{"name":"wp","href":"https:\/\/api.w.org\/{rel}","templated":true}]}}