{"id":88084,"date":"2025-07-14T06:23:35","date_gmt":"2025-07-14T12:23:35","guid":{"rendered":"https:\/\/elinformante.mx\/?p=88084"},"modified":"2025-07-14T06:23:39","modified_gmt":"2025-07-14T12:23:39","slug":"semov-anuncia-nuevo-modulo-de-licencias-en-tequixquiac","status":"publish","type":"post","link":"https:\/\/elinformante.mx\/?p=88084","title":{"rendered":"Semov anuncia nuevo m\u00f3dulo de licencias en Tequixquiac"},"content":{"rendered":"\n<figure class=\"wp-block-pullquote\"><blockquote><p>Emitir\u00e1n licencias para automovilistas de uso particular, motociclistas y operadores de servicio de transporte p\u00fablico.<\/p><\/blockquote><\/figure>\n\n\n\n<p class=\"has-drop-cap\">Con el objetivo de mejorar la atenci\u00f3n a usuarios y reducir tiempos de espera, el Gobierno del Estado de M\u00e9xico inaugur\u00f3 un nuevo centro de expedici\u00f3n de licencias en Tequixquiac, en la regi\u00f3n de Zumpango. El m\u00f3dulo tiene capacidad para atender a m\u00e1s de 50 mil personas al a\u00f1o y se prev\u00e9 que genere una recaudaci\u00f3n de aproximadamente 50 millones de pesos.<br><\/p>\n\n\n\n<p>El nuevo centro, operado por la Secretar\u00eda de Movilidad (Semov), emitir\u00e1 licencias para automovilistas de uso particular, motociclistas y operadores de transporte p\u00fablico, en un horario de lunes a viernes de 9:00 a 18:00 horas. Tendr\u00e1 capacidad para atender a poco m\u00e1s de 200 usuarios diariamente.<br><\/p>\n\n\n\n<p>Durante la inauguraci\u00f3n, Daniel Sibaja Gonz\u00e1lez, Secretario de Movilidad destac\u00f3 que el m\u00f3dulo brinda un servicio regional e integral, a la poblaci\u00f3n de Apaxco, Hueypoxtla, Huehuetoca, Teoloyucan, Coyotepec, Jaltenco, Tec\u00e1mac y Zumpango, que anteriormente se ten\u00eda que desplazar a municipios como Zumpango o Ecatepec, para tramitar su licencia.<br><\/p>\n\n\n\n<p>Uno de los objetivos, dijo, es dignificar y acercar los servicios a la poblaci\u00f3n que m\u00e1s lo necesita en instalaciones modernas, c\u00f3modas; de manera digna y eficiente. Mencion\u00f3 que en este m\u00f3dulo se puede renovar la licencia de uso particular a trav\u00e9s de un cajero.<br><\/p>\n\n\n\n<p>Acompa\u00f1ado por Sintique Mayt\u00e9 Moreno Rodr\u00edguez, Presidenta Municipal de Tequixquiac, el Titular de Movilidad, dijo que con estas acciones, se avanza hacia la transformaci\u00f3n de la movilidad y se cumple con el compromiso de llevar un servicio de calidad y eficiente a las y los mexiquenses que viven las zonas m\u00e1s apartadas.<br><\/p>\n\n\n\n<p>Alejandro Palacios Estrada, Director del Registro de Licencias y Operadores de la Semov, mencion\u00f3 que en este m\u00f3dulo se instal\u00f3 una sala de lactancia que permite dar cumplir con la Norma Mexicana NMX-R-025-SCFI-2015 en Igualdad Laboral y No Discriminaci\u00f3n.<br><\/p>\n\n\n\n<p>Finalmente, indic\u00f3 que este nuevo m\u00f3dulo no gener\u00f3 costos para la adaptaci\u00f3n del inmueble, ni tendr\u00e1 costo para el Gobierno del Estado por concepto de arrendamiento.<br><\/p>\n\n\n\n<p>Tambi\u00e9n cuenta con un cajero para la renovaci\u00f3n de licencias particulares y no represent\u00f3 costos por adecuaci\u00f3n del inmueble ni implicar\u00e1 gasto por concepto de arrendamiento para el Gobierno del Estado de M\u00e9xico.<\/p>\n","protected":false},"excerpt":{"rendered":"<p>Emitir\u00e1n licencias para automovilistas de uso particular, motociclistas y operadores de servicio de transporte p\u00fablico. Con el objetivo de mejorar la atenci\u00f3n a usuarios y reducir tiempos de espera, el Gobierno del Estado de M\u00e9xico inaugur\u00f3 un nuevo centro de expedici\u00f3n de licencias en Tequixquiac, en la regi\u00f3n de Zumpango. El m\u00f3dulo tiene capacidad para [&hellip;]<\/p>\n","protected":false},"author":1,"featured_media":88085,"comment_status":"closed","ping_status":"closed","sticky":false,"template":"","format":"standard","meta":{"footnotes":""},"categories":[36],"tags":[],"class_list":["post-88084","post","type-post","status-publish","format-standard","has-post-thumbnail","hentry","category-edomex"],"_links":{"self":[{"href":"https:\/\/elinformante.mx\/index.php?rest_route=\/wp\/v2\/posts\/88084","targetHints":{"allow":["GET"]}}],"collection":[{"href":"https:\/\/elinformante.mx\/index.php?rest_route=\/wp\/v2\/posts"}],"about":[{"href":"https:\/\/elinformante.mx\/index.php?rest_route=\/wp\/v2\/types\/post"}],"author":[{"embeddable":true,"href":"https:\/\/elinformante.mx\/index.php?rest_route=\/wp\/v2\/users\/1"}],"replies":[{"embeddable":true,"href":"https:\/\/elinformante.mx\/index.php?rest_route=%2Fwp%2Fv2%2Fcomments&post=88084"}],"version-history":[{"count":0,"href":"https:\/\/elinformante.mx\/index.php?rest_route=\/wp\/v2\/posts\/88084\/revisions"}],"wp:featuredmedia":[{"embeddable":true,"href":"https:\/\/elinformante.mx\/index.php?rest_route=\/wp\/v2\/media\/88085"}],"wp:attachment":[{"href":"https:\/\/elinformante.mx\/index.php?rest_route=%2Fwp%2Fv2%2Fmedia&parent=88084"}],"wp:term":[{"taxonomy":"category","embeddable":true,"href":"https:\/\/elinformante.mx\/index.php?rest_route=%2Fwp%2Fv2%2Fcategories&post=88084"},{"taxonomy":"post_tag","embeddable":true,"href":"https:\/\/elinformante.mx\/index.php?rest_route=%2Fwp%2Fv2%2Ftags&post=88084"}],"curies":[{"name":"wp","href":"https:\/\/api.w.org\/{rel}","templated":true}]}}